{"id":2257,"date":"2026-01-08T14:53:56","date_gmt":"2026-01-08T13:53:56","guid":{"rendered":"https:\/\/uniejow.pl\/ucop\/?p=2257"},"modified":"2026-01-08T14:53:57","modified_gmt":"2026-01-08T13:53:57","slug":"zaproszenie-dla-przedsiebiorcow-z-branzy-kosmetycznej-do-udzialu-w-miedzynarodowych-targach-cosmoprof-worldwide-bologna-2026","status":"publish","type":"post","link":"https:\/\/uniejow.pl\/ucop\/aktualnosci\/zaproszenie-dla-przedsiebiorcow-z-branzy-kosmetycznej-do-udzialu-w-miedzynarodowych-targach-cosmoprof-worldwide-bologna-2026\/","title":{"rendered":"Zaproszenie dla przedsi\u0119biorc\u00f3w z bran\u017cy kosmetycznej do udzia\u0142u w\u00a0mi\u0119dzynarodowych targach COSMOPROF WORLDWIDE BOLOGNA 2026"},"content":{"rendered":"\n<p><\/p>\n\n\n\n<p><\/p>\n\n\n\n<h3 class=\"wp-block-heading\">Mi\u0119dzynarodowa szansa dla firm kosmetycznych z \u0141\u00f3dzkiego<\/h3>\n\n\n\n<p>Przedsi\u0119biorstwa z sektora M\u015aP dzia\u0142aj\u0105ce w bran\u017cy kosmetycznej maj\u0105 wyj\u0105tkow\u0105 okazj\u0119, aby zaprezentowa\u0107 swoj\u0105 ofert\u0119 na arenie mi\u0119dzynarodowej. Wojew\u00f3dztwo \u0141\u00f3dzkie zaprasza firmy do udzia\u0142u w presti\u017cowych targach <strong>COSMOPROF WORLDWIDE BOLOGNA 2026<\/strong>, kt\u00f3re odb\u0119d\u0105 si\u0119 w dniach <strong>26\u201328 marca 2026 r.<\/strong> we W\u0142oszech.<\/p>\n\n\n\n<p>Cosmoprof to jedno z najwa\u017cniejszych wydarze\u0144 B2B dla globalnej bran\u017cy beauty, gromadz\u0105ce producent\u00f3w, dystrybutor\u00f3w i ekspert\u00f3w z ca\u0142ego \u015bwiata. Targi stanowi\u0105 doskona\u0142\u0105 platform\u0119 do nawi\u0105zywania kontakt\u00f3w biznesowych, poznawania trend\u00f3w oraz rozwoju eksportu.<\/p>\n\n\n\n<p>W ramach projektu \u201eInterEuropa\u201d Wojew\u00f3dztwo \u0141\u00f3dzkie zapewnia zakwalifikowanym firmom m.in. udzia\u0142 w stoisku wystawienniczym, transport i noclegi dla przedstawicieli, bilety lotnicze, ubezpieczenie oraz transport towar\u00f3w. Rekrutacja skierowana jest do mikro, ma\u0142ych i \u015brednich przedsi\u0119biorstw z wojew\u00f3dztwa \u0142\u00f3dzkiego z bran\u017cy kosmetycznej (oraz medycyny i farmacji). Do udzia\u0142u zostanie wybranych maksymalnie <strong>5 firm<\/strong>.<\/p>\n\n\n\n<p>Termin nadsy\u0142ania zg\u0142osze\u0144 up\u0142ywa <strong>19 stycznia 2026 r. o godz. 12:00<\/strong>.<\/p>\n\n\n\n<p><strong>ZG\u0141O\u015a SI\u0118 JU\u017b DZI\u015a! LICZBA MIEJSC OGRANICZONA!<\/strong><\/p>\n\n\n\n<p>Udzia\u0142 w targach to realna szansa na rozw\u00f3j dzia\u0142alno\u015bci, zdobycie nowych rynk\u00f3w i wzmocnienie pozycji marki na rynku mi\u0119dzynarodowym.<\/p>\n\n\n\n<p>Wi\u0119cej szczeg\u00f3\u0142owych informacji znajduje si\u0119 w poni\u017cej:<\/p>\n\n\n\n<figure class=\"wp-block-embed is-type-wp-embed is-provider-dzkie-dla-biznesu wp-block-embed-dzkie-dla-biznesu\"><div class=\"wp-block-embed__wrapper\">\n<blockquote class=\"wp-embedded-content\" data-secret=\"n6PhuvZv3o\"><a href=\"https:\/\/biznes.lodzkie.pl\/rekrutacja-na-targi-cosmoprof-worldwide-bologna-2026\/\">REKRUTACJA NA TARGI COSMOPROF WORLDWIDE BOLOGNA 2026<\/a><\/blockquote><iframe loading=\"lazy\" class=\"wp-embedded-content\" sandbox=\"allow-scripts\" security=\"restricted\" style=\"position: absolute; visibility: hidden;\" title=\"&#8222;REKRUTACJA NA TARGI COSMOPROF WORLDWIDE BOLOGNA 2026&#8221; &#8212; \u0141\u00f3dzkie dla biznesu\" src=\"https:\/\/biznes.lodzkie.pl\/rekrutacja-na-targi-cosmoprof-worldwide-bologna-2026\/embed\/#?secret=QFMJigBcBQ#?secret=n6PhuvZv3o\" data-secret=\"n6PhuvZv3o\" width=\"600\" height=\"338\" frameborder=\"0\" marginwidth=\"0\" marginheight=\"0\" scrolling=\"no\"><\/iframe>\n<\/div><\/figure>\n\n\n\n<p>M\u0141<\/p>\n","protected":false},"excerpt":{"rendered":"<p>Mi\u0119dzynarodowa szansa dla firm kosmetycznych z \u0141\u00f3dzkiego Przedsi\u0119biorstwa z sektora M\u015aP dzia\u0142aj\u0105ce w bran\u017cy kosmetycznej maj\u0105 wyj\u0105tkow\u0105 okazj\u0119, aby zaprezentowa\u0107 [&#8230;]<\/p>\n<p><a class=\"btn btn-secondary understrap-read-more-link\" href=\"https:\/\/uniejow.pl\/ucop\/aktualnosci\/zaproszenie-dla-przedsiebiorcow-z-branzy-kosmetycznej-do-udzialu-w-miedzynarodowych-targach-cosmoprof-worldwide-bologna-2026\/\">Czytaj dalej\u2026<span class=\"screen-reader-text\"> from Zaproszenie dla przedsi\u0119biorc\u00f3w z bran\u017cy kosmetycznej do udzia\u0142u w\u00a0mi\u0119dzynarodowych targach COSMOPROF WORLDWIDE BOLOGNA 2026<\/span><\/a><\/p>\n","protected":false},"author":5,"featured_media":2261,"comment_status":"closed","ping_status":"closed","sticky":false,"template":"","format":"standard","meta":{"_acf_changed":false,"footnotes":""},"categories":[4],"tags":[],"class_list":["post-2257","post","type-post","status-publish","format-standard","has-post-thumbnail","hentry","category-aktualnosci"],"acf":[],"_links":{"self":[{"href":"https:\/\/uniejow.pl\/ucop\/wp-json\/wp\/v2\/posts\/2257","targetHints":{"allow":["GET"]}}],"collection":[{"href":"https:\/\/uniejow.pl\/ucop\/wp-json\/wp\/v2\/posts"}],"about":[{"href":"https:\/\/uniejow.pl\/ucop\/wp-json\/wp\/v2\/types\/post"}],"author":[{"embeddable":true,"href":"https:\/\/uniejow.pl\/ucop\/wp-json\/wp\/v2\/users\/5"}],"replies":[{"embeddable":true,"href":"https:\/\/uniejow.pl\/ucop\/wp-json\/wp\/v2\/comments?post=2257"}],"version-history":[{"count":1,"href":"https:\/\/uniejow.pl\/ucop\/wp-json\/wp\/v2\/posts\/2257\/revisions"}],"predecessor-version":[{"id":2258,"href":"https:\/\/uniejow.pl\/ucop\/wp-json\/wp\/v2\/posts\/2257\/revisions\/2258"}],"wp:featuredmedia":[{"embeddable":true,"href":"https:\/\/uniejow.pl\/ucop\/wp-json\/wp\/v2\/media\/2261"}],"wp:attachment":[{"href":"https:\/\/uniejow.pl\/ucop\/wp-json\/wp\/v2\/media?parent=2257"}],"wp:term":[{"taxonomy":"category","embeddable":true,"href":"https:\/\/uniejow.pl\/ucop\/wp-json\/wp\/v2\/categories?post=2257"},{"taxonomy":"post_tag","embeddable":true,"href":"https:\/\/uniejow.pl\/ucop\/wp-json\/wp\/v2\/tags?post=2257"}],"curies":[{"name":"wp","href":"https:\/\/api.w.org\/{rel}","templated":true}]}}