{"id":2279,"date":"2026-01-14T15:47:21","date_gmt":"2026-01-14T14:47:21","guid":{"rendered":"https:\/\/uniejow.pl\/ucop\/?p=2279"},"modified":"2026-01-14T15:52:42","modified_gmt":"2026-01-14T14:52:42","slug":"bon-osobisty-nowe-mozliwosci-rozwoju-zawodowego","status":"publish","type":"post","link":"https:\/\/uniejow.pl\/ucop\/aktualnosci\/bon-osobisty-nowe-mozliwosci-rozwoju-zawodowego\/","title":{"rendered":"Bon osobisty &#8211; nowe mo\u017cliwo\u015bci rozwoju zawodowego"},"content":{"rendered":"\n<p><\/p>\n\n\n\n<p>Pocz\u0105tek nowego roku to dla wielu os\u00f3b moment podsumowa\u0144, ale tak\u017ce czas planowania i wyznaczania kolejnych cel\u00f3w. To idealna okazja, aby zatrzyma\u0107 si\u0119 na chwil\u0119 i pomy\u015ble\u0107 o w\u0142asnym rozwoju \u2013 zar\u00f3wno osobistym, jak i zawodowym. Je\u015bli rozwa\u017casz podniesienie swoich kwalifikacji, zdobycie nowych umiej\u0119tno\u015bci lub nawet zmian\u0119 \u015bcie\u017cki kariery, najbli\u017csze tygodnie mog\u0105 by\u0107 doskona\u0142ym momentem na podj\u0119cie konkretnych dzia\u0142a\u0144.<\/p>\n\n\n\n<p>W\u0142a\u015bnie dlatego<strong> \u0141\u00f3dzka Agencja Rozwoju Regionalnego<\/strong> zaprasza do udzia\u0142u w kolejnym naborze <strong>Bonu Osobistego<\/strong>, kt\u00f3ry odb\u0119dzie si\u0119 <strong>29 stycznia o godzinie 11:00<\/strong>. To realna szansa na inwestycj\u0119 w siebie i swoje kompetencje, kt\u00f3re mog\u0105 prze\u0142o\u017cy\u0107 si\u0119 na lepsz\u0105 pozycj\u0119 na rynku pracy, wi\u0119ksz\u0105 pewno\u015b\u0107 zawodow\u0105 oraz nowe perspektywy na przysz\u0142o\u015b\u0107.<\/p>\n\n\n\n<p>Bon Osobisty to wsparcie dla os\u00f3b, kt\u00f3re chc\u0105 si\u0119 rozwija\u0107, uczy\u0107 i \u015bwiadomie kszta\u0142towa\u0107 swoj\u0105 karier\u0119. Niezale\u017cnie od tego, czy dopiero planujesz pierwsze zmiany, czy od d\u0142u\u017cszego czasu my\u015blisz o kolejnym kroku \u2013 teraz jest dobry moment, aby przej\u015b\u0107 od plan\u00f3w do dzia\u0142ania.<\/p>\n\n\n\n<p>Nie odk\u0142adaj swoich decyzji na p\u00f3\u017aniej. Rozw\u00f3j zaczyna si\u0119 od pierwszego kroku, a stycze\u0144 to doskona\u0142y czas, by go zrobi\u0107.<\/p>\n\n\n\n<p>Szczeg\u00f3\u0142owe informacje dotycz\u0105ce naboru oraz Bonu Osobistego dost\u0119pne s\u0105 na stronie:<br><a href=\"https:\/\/bonosobisty.larr.pl\/\">https:\/\/bonosobisty.larr.pl\/<\/a><\/p>\n\n\n\n<p><\/p>\n\n\n\n<p>M\u0141<\/p>\n\n\n\n<p><\/p>\n","protected":false},"excerpt":{"rendered":"<p>Pocz\u0105tek nowego roku to dla wielu os\u00f3b moment podsumowa\u0144, ale tak\u017ce czas planowania i wyznaczania kolejnych cel\u00f3w. To idealna okazja, [&#8230;]<\/p>\n<p><a class=\"btn btn-secondary understrap-read-more-link\" href=\"https:\/\/uniejow.pl\/ucop\/aktualnosci\/bon-osobisty-nowe-mozliwosci-rozwoju-zawodowego\/\">Czytaj dalej\u2026<span class=\"screen-reader-text\"> from Bon osobisty &#8211; nowe mo\u017cliwo\u015bci rozwoju zawodowego<\/span><\/a><\/p>\n","protected":false},"author":5,"featured_media":2282,"comment_status":"closed","ping_status":"closed","sticky":false,"template":"","format":"standard","meta":{"_acf_changed":false,"footnotes":""},"categories":[4],"tags":[],"class_list":["post-2279","post","type-post","status-publish","format-standard","has-post-thumbnail","hentry","category-aktualnosci"],"acf":[],"_links":{"self":[{"href":"https:\/\/uniejow.pl\/ucop\/wp-json\/wp\/v2\/posts\/2279","targetHints":{"allow":["GET"]}}],"collection":[{"href":"https:\/\/uniejow.pl\/ucop\/wp-json\/wp\/v2\/posts"}],"about":[{"href":"https:\/\/uniejow.pl\/ucop\/wp-json\/wp\/v2\/types\/post"}],"author":[{"embeddable":true,"href":"https:\/\/uniejow.pl\/ucop\/wp-json\/wp\/v2\/users\/5"}],"replies":[{"embeddable":true,"href":"https:\/\/uniejow.pl\/ucop\/wp-json\/wp\/v2\/comments?post=2279"}],"version-history":[{"count":1,"href":"https:\/\/uniejow.pl\/ucop\/wp-json\/wp\/v2\/posts\/2279\/revisions"}],"predecessor-version":[{"id":2280,"href":"https:\/\/uniejow.pl\/ucop\/wp-json\/wp\/v2\/posts\/2279\/revisions\/2280"}],"wp:featuredmedia":[{"embeddable":true,"href":"https:\/\/uniejow.pl\/ucop\/wp-json\/wp\/v2\/media\/2282"}],"wp:attachment":[{"href":"https:\/\/uniejow.pl\/ucop\/wp-json\/wp\/v2\/media?parent=2279"}],"wp:term":[{"taxonomy":"category","embeddable":true,"href":"https:\/\/uniejow.pl\/ucop\/wp-json\/wp\/v2\/categories?post=2279"},{"taxonomy":"post_tag","embeddable":true,"href":"https:\/\/uniejow.pl\/ucop\/wp-json\/wp\/v2\/tags?post=2279"}],"curies":[{"name":"wp","href":"https:\/\/api.w.org\/{rel}","templated":true}]}}