{"id":2294,"date":"2026-01-22T09:00:02","date_gmt":"2026-01-22T08:00:02","guid":{"rendered":"https:\/\/uniejow.pl\/ucop\/?p=2294"},"modified":"2026-01-22T09:01:13","modified_gmt":"2026-01-22T08:01:13","slug":"rekrutacja-na-targi-alimentaria-barcelona-2026-wyjatkowa-szansa-dla-firm-z-woj-lodzkiego","status":"publish","type":"post","link":"https:\/\/uniejow.pl\/ucop\/aktualnosci\/rekrutacja-na-targi-alimentaria-barcelona-2026-wyjatkowa-szansa-dla-firm-z-woj-lodzkiego\/","title":{"rendered":"Rekrutacja na Targi Alimentaria Barcelona 2026 \u2013 wyj\u0105tkowa szansa dla firm z woj. \u0142\u00f3dzkiego!"},"content":{"rendered":"\n<p>Wojew\u00f3dztwo \u0141\u00f3dzkie prowadzi nab\u00f3r przedsi\u0119biorstw do udzia\u0142u w jednym z najwa\u017cniejszych wydarze\u0144 bran\u017cy spo\u017cywczej w Europie \u2013 <strong>mi\u0119dzynarodowych targach Alimentaria Barcelona 2026<\/strong>, kt\u00f3re odb\u0119d\u0105 si\u0119 w dniach <strong>23\u201326 marca 2026 r.<\/strong> w Barcelonie (Hiszpania).<\/p>\n\n\n\n<p>Targi <strong>Alimentaria<\/strong> to renomowane, mi\u0119dzynarodowe wydarzenie skupiaj\u0105ce profesjonalist\u00f3w z ca\u0142ego sektora spo\u017cywczego i gastronomicznego. Organizowane co dwa lata w Fira Barcelona Gran Via w Barcelonie, przyci\u0105gaj\u0105 tysi\u0105ce wystawc\u00f3w i specjalist\u00f3w z bran\u017cy z ca\u0142ego \u015bwiata.<\/p>\n\n\n\n<p>To platforma stworzona z my\u015bl\u0105 o:<\/p>\n\n\n\n<ul class=\"wp-block-list\">\n<li>prezentacji innowacyjnych produkt\u00f3w i rozwi\u0105za\u0144,<\/li>\n\n\n\n<li>nawi\u0105zywaniu kontakt\u00f3w biznesowych B2B,<\/li>\n\n\n\n<li>wymianie do\u015bwiadcze\u0144 oraz promocji eksportu.<\/li>\n<\/ul>\n\n\n\n<p>W edycji 2026 Polska b\u0119dzie krajem honorowym targ\u00f3w, co stanowi wyj\u0105tkowe wyr\u00f3\u017cnienie i przyci\u0105ga uwag\u0119 mi\u0119dzynarodowych partner\u00f3w.<\/p>\n\n\n\n<p>Udzia\u0142 w targach Alimentaria to doskona\u0142a okazja dla firm z wojew\u00f3dztwa \u0142\u00f3dzkiego, kt\u00f3re chc\u0105:<\/p>\n\n\n\n<ul class=\"wp-block-list\">\n<li>zwi\u0119kszy\u0107 rozpoznawalno\u015b\u0107 swojej marki na rynkach zagranicznych,<\/li>\n\n\n\n<li>zaprezentowa\u0107 swoj\u0105 ofert\u0119 przed mi\u0119dzynarodowymi kontrahentami,<\/li>\n\n\n\n<li>nawi\u0105za\u0107 trwa\u0142e relacje biznesowe oraz zdoby\u0107 nowe rynki zbytu.<\/li>\n<\/ul>\n\n\n\n<p>Targi gromadz\u0105 producent\u00f3w, dystrybutor\u00f3w oraz importer\u00f3w \u017cywno\u015bci i napoj\u00f3w z ca\u0142ego \u015bwiata, b\u0119d\u0105c jedn\u0105 z najwa\u017cniejszych platform rozwoju eksportu w bran\u017cy.<\/p>\n\n\n\n<p>W ramach wsparcia organizacyjnego udzia\u0142u w targach <strong>Wojew\u00f3dztwo \u0141\u00f3dzkie zapewnia:<\/strong><\/p>\n\n\n\n<ul class=\"wp-block-list\">\n<li>wynajem powierzchni wystawienniczej i wyposa\u017cenia stoiska regionalnego,<\/li>\n\n\n\n<li>zakwaterowanie dla maksymalnie dw\u00f3ch przedstawicieli z firmy,<\/li>\n\n\n\n<li>bilety lotnicze i transport (lotnisko\u2013targi\u2013lotnisko),<\/li>\n\n\n\n<li>wst\u0119p na targi,<\/li>\n\n\n\n<li>ubezpieczenie uczestnik\u00f3w,<\/li>\n\n\n\n<li>transport towar\u00f3w z \u0141odzi do Barcelony i z powrotem.<\/li>\n<\/ul>\n\n\n\n<p>Uczestnicy pokrywaj\u0105 jedynie koszty zwi\u0105zane z wy\u017cywieniem, dietami oraz ewentualnymi dodatkowymi wydatkami<\/p>\n\n\n\n<p>Do udzia\u0142u zapraszane s\u0105 <strong>mikro, ma\u0142e i \u015brednie przedsi\u0119biorstwa<\/strong> z wojew\u00f3dztwa \u0142\u00f3dzkiego dzia\u0142aj\u0105ce w sektorze:<\/p>\n\n\n\n<ul class=\"wp-block-list\">\n<li>innowacyjnego rolnictwa,<\/li>\n\n\n\n<li>przetw\u00f3rstwa rolno-spo\u017cywczego.<\/li>\n<\/ul>\n\n\n\n<p><strong>Rekrutacja przewiduje maksymalnie 6 firm, z kt\u00f3rych ka\u017cda mo\u017ce zg\u0142osi\u0107 do targ\u00f3w dw\u00f3ch przedstawicieli.<\/strong><\/p>\n\n\n\n<p>Aby wzi\u0105\u0107 udzia\u0142 w rekrutacji, przedsi\u0119biorcy musz\u0105 wype\u0142ni\u0107:<\/p>\n\n\n\n<ul class=\"wp-block-list\">\n<li>Formularz zg\u0142oszeniowy,<\/li>\n\n\n\n<li>Formularz informacji niezb\u0119dnych do ubiegania si\u0119 o pomoc de minimis.<\/li>\n<\/ul>\n\n\n\n<p>Dokumenty nale\u017cy wys\u0142a\u0107 e-mailem na adres:<br>\ud83d\udce7 <a>projekty.miedzynarodowe@lodzkie.pl<\/a><br><strong>do 23 stycznia 2026 r. do godz. 12:00<\/strong>.<\/p>\n\n\n\n<p>Zg\u0142oszenia niekompletne oraz po terminie <strong>nie b\u0119d\u0105 rozpatrywane<\/strong>.<\/p>\n\n\n\n<p>Udzia\u0142 w Alimentaria Barcelona 2026 to wyj\u0105tkowa szansa dla firm z regionu, kt\u00f3re chc\u0105 wzmocni\u0107 swoj\u0105 pozycj\u0119 na rynkach zagranicznych, zaprezentowa\u0107 swoje produkty i nawi\u0105za\u0107 mi\u0119dzynarodowe kontakty biznesowe. Dzi\u0119ki wsparciu Wojew\u00f3dztwa \u0141\u00f3dzkiego udzia\u0142 w targach jest \u0142atwiejszy i bardziej dost\u0119pny dla lokalnych przedsi\u0119biorc\u00f3w.<\/p>\n\n\n\n<p>\u017ar\u00f3d\u0142o: <a href=\"https:\/\/biznes.lodzkie.pl\/rekrutacja-na-targi-alimentaria-barcelona-2026\/\">https:\/\/biznes.lodzkie.pl\/rekrutacja-na-targi-alimentaria-barcelona-2026\/<\/a><\/p>\n\n\n\n<p><\/p>\n\n\n\n<p><\/p>\n\n\n\n<p>AS<\/p>\n","protected":false},"excerpt":{"rendered":"<p>Wojew\u00f3dztwo \u0141\u00f3dzkie prowadzi nab\u00f3r przedsi\u0119biorstw do udzia\u0142u w jednym z najwa\u017cniejszych wydarze\u0144 bran\u017cy spo\u017cywczej w Europie \u2013 mi\u0119dzynarodowych targach Alimentaria [&#8230;]<\/p>\n<p><a class=\"btn btn-secondary understrap-read-more-link\" href=\"https:\/\/uniejow.pl\/ucop\/aktualnosci\/rekrutacja-na-targi-alimentaria-barcelona-2026-wyjatkowa-szansa-dla-firm-z-woj-lodzkiego\/\">Czytaj dalej\u2026<span class=\"screen-reader-text\"> from Rekrutacja na Targi Alimentaria Barcelona 2026 \u2013 wyj\u0105tkowa szansa dla firm z woj. \u0142\u00f3dzkiego!<\/span><\/a><\/p>\n","protected":false},"author":2,"featured_media":2295,"comment_status":"closed","ping_status":"closed","sticky":false,"template":"","format":"standard","meta":{"_acf_changed":false,"footnotes":""},"categories":[4],"tags":[],"class_list":["post-2294","post","type-post","status-publish","format-standard","has-post-thumbnail","hentry","category-aktualnosci"],"acf":[],"_links":{"self":[{"href":"https:\/\/uniejow.pl\/ucop\/wp-json\/wp\/v2\/posts\/2294","targetHints":{"allow":["GET"]}}],"collection":[{"href":"https:\/\/uniejow.pl\/ucop\/wp-json\/wp\/v2\/posts"}],"about":[{"href":"https:\/\/uniejow.pl\/ucop\/wp-json\/wp\/v2\/types\/post"}],"author":[{"embeddable":true,"href":"https:\/\/uniejow.pl\/ucop\/wp-json\/wp\/v2\/users\/2"}],"replies":[{"embeddable":true,"href":"https:\/\/uniejow.pl\/ucop\/wp-json\/wp\/v2\/comments?post=2294"}],"version-history":[{"count":2,"href":"https:\/\/uniejow.pl\/ucop\/wp-json\/wp\/v2\/posts\/2294\/revisions"}],"predecessor-version":[{"id":2297,"href":"https:\/\/uniejow.pl\/ucop\/wp-json\/wp\/v2\/posts\/2294\/revisions\/2297"}],"wp:featuredmedia":[{"embeddable":true,"href":"https:\/\/uniejow.pl\/ucop\/wp-json\/wp\/v2\/media\/2295"}],"wp:attachment":[{"href":"https:\/\/uniejow.pl\/ucop\/wp-json\/wp\/v2\/media?parent=2294"}],"wp:term":[{"taxonomy":"category","embeddable":true,"href":"https:\/\/uniejow.pl\/ucop\/wp-json\/wp\/v2\/categories?post=2294"},{"taxonomy":"post_tag","embeddable":true,"href":"https:\/\/uniejow.pl\/ucop\/wp-json\/wp\/v2\/tags?post=2294"}],"curies":[{"name":"wp","href":"https:\/\/api.w.org\/{rel}","templated":true}]}}