{"id":2300,"date":"2026-01-23T10:13:17","date_gmt":"2026-01-23T09:13:17","guid":{"rendered":"https:\/\/uniejow.pl\/ucop\/?p=2300"},"modified":"2026-01-23T10:13:19","modified_gmt":"2026-01-23T09:13:19","slug":"pci-days-2026-twoja-szansa-na-rozwoj-i-nowe-kontakty-biznesowe","status":"publish","type":"post","link":"https:\/\/uniejow.pl\/ucop\/aktualnosci\/pci-days-2026-twoja-szansa-na-rozwoj-i-nowe-kontakty-biznesowe\/","title":{"rendered":"PCI Days 2026 \u2013 Twoja szansa na rozw\u00f3j i nowe kontakty biznesowe!"},"content":{"rendered":"\n<p>PCI Days to najwi\u0119ksze mi\u0119dzynarodowe targi B2B w Europie \u015arodkowo-Wschodniej dedykowane bran\u017com farmaceutycznej, kosmetycznej oraz suplement\u00f3w diety. Wydarzenie skupia producent\u00f3w, dostawc\u00f3w i ekspert\u00f3w z ca\u0142ego regionu \u2013 i w\u0142a\u015bnie teraz trwa rekrutacja uczestnik\u00f3w i partner\u00f3w na edycj\u0119 2026!<\/p>\n\n\n\n<p>W dniach <strong>16-18 czerwca 2026 roku<\/strong> targi odb\u0119d\u0105 si\u0119 w <strong>centrum EXPO XXI w Warszawie<\/strong> przy ul. Pr\u0105dzy\u0144skiego 12\/14. To ju\u017c 7. edycja tej presti\u017cowej imprezy, kt\u00f3ra z ka\u017cdym rokiem przyci\u0105ga coraz wi\u0119cej firm z Polski i zagranicy.<\/p>\n\n\n\n<p>PCI Days to nie tylko stoiska wystawiennicze, ale przede wszystkim:<\/p>\n\n\n\n<ul class=\"wp-block-list\">\n<li>Platforma spotka\u0144 biznesowych \u2013 bezpo\u015brednie rozmowy z klientami, partnerami i decydentami bran\u017cowymi.<\/li>\n\n\n\n<li>Innowacje technologiczne i rozwi\u0105zania rynkowe \u2013 prezentacje maszyn, surowc\u00f3w, opakowa\u0144, technologii IT, automatyzacji i us\u0142ug laboratoryjnych.<\/li>\n\n\n\n<li>Program merytoryczny i warsztaty \u2013 praktyczne prelekcje prowadzone przez specjalist\u00f3w z bran\u017cy.<\/li>\n\n\n\n<li>Strefy tematyczne \u2013 farmaceutyczna, kosmetyczna oraz suplement\u00f3w diety, kt\u00f3re \u0142\u0105cz\u0105 najwa\u017cniejsze sektory przemys\u0142u w jednym miejscu.<\/li>\n<\/ul>\n\n\n\n<p>Wydarzenie skierowane jest do szerokiego grona profesjonalist\u00f3w i firm, m.in.:<\/p>\n\n\n\n<ul class=\"wp-block-list\">\n<li>producent\u00f3w i dyrektor\u00f3w zak\u0142ad\u00f3w produkuj\u0105cych kosmetyki, leki i suplementy diety,<\/li>\n\n\n\n<li>przedstawicieli dzia\u0142\u00f3w R&amp;D, jako\u015bci, zakup\u00f3w, logistyki i produkcji,<\/li>\n\n\n\n<li>dostawc\u00f3w surowc\u00f3w, maszyn, opakowa\u0144, rozwi\u0105za\u0144 technologicznych oraz us\u0142ug kontraktowych,<\/li>\n\n\n\n<li>firm oferuj\u0105cych private label i us\u0142ugi kontraktowe.<\/li>\n<\/ul>\n\n\n\n<p>Edycja 2026 wprowadza nowe funkcje i udogodnienia, kt\u00f3re jeszcze lepiej odpowiadaj\u0105 na potrzeby rynku:<\/p>\n\n\n\n<ul class=\"wp-block-list\">\n<li>Strefa Produkcji Kontraktowej \u2013 dedykowana firmom oferuj\u0105cym us\u0142ugi produkcyjne,<\/li>\n\n\n\n<li>Platforma networkingowa \u2013 narz\u0119dzie do umawiania spotka\u0144 B2B przed targami,<\/li>\n\n\n\n<li>Rozszerzony program konferencji w trzech kluczowych obszarach bran\u017cowych.<\/li>\n<\/ul>\n\n\n\n<h3 class=\"wp-block-heading has-text-align-center\"><strong>Rejestracja i udzia\u0142<\/strong><\/h3>\n\n\n\n<p>Udzia\u0142 w targach dla odwiedzaj\u0105cych jest bezp\u0142atny, wymagana jest jedynie wcze\u015bniejsza rejestracja online. Trwa obecnie rekrutacja uczestnik\u00f3w i partner\u00f3w, wi\u0119c to idealny moment, aby zarezerwowa\u0107 swoje miejsce i zacz\u0105\u0107 planowa\u0107 udzia\u0142 w jednej z najwa\u017cniejszych imprez bran\u017cowych roku.<\/p>\n\n\n\n<p>Nie przegap okazji, aby:<\/p>\n\n\n\n<p>\u2714 pozna\u0107 najnowsze trendy i technologie,<br>\u2714 nawi\u0105za\u0107 warto\u015bciowe kontakty biznesowe,<br>\u2714 zaprezentowa\u0107 ofert\u0119 swojej firmy szerszemu gronu profesjonalist\u00f3w.<\/p>\n\n\n\n<p><\/p>\n\n\n\n<p>\u017ar\u00f3d\u0142o: <a href=\"https:\/\/pcidays.pl\/\">https:\/\/pcidays.pl\/<\/a><\/p>\n\n\n\n<p><\/p>\n\n\n\n<p>AS <\/p>\n","protected":false},"excerpt":{"rendered":"<p>PCI Days to najwi\u0119ksze mi\u0119dzynarodowe targi B2B w Europie \u015arodkowo-Wschodniej dedykowane bran\u017com farmaceutycznej, kosmetycznej oraz suplement\u00f3w diety. Wydarzenie skupia producent\u00f3w, [&#8230;]<\/p>\n<p><a class=\"btn btn-secondary understrap-read-more-link\" href=\"https:\/\/uniejow.pl\/ucop\/aktualnosci\/pci-days-2026-twoja-szansa-na-rozwoj-i-nowe-kontakty-biznesowe\/\">Czytaj dalej\u2026<span class=\"screen-reader-text\"> from PCI Days 2026 \u2013 Twoja szansa na rozw\u00f3j i nowe kontakty biznesowe!<\/span><\/a><\/p>\n","protected":false},"author":2,"featured_media":2301,"comment_status":"closed","ping_status":"closed","sticky":false,"template":"","format":"standard","meta":{"_acf_changed":false,"footnotes":""},"categories":[4],"tags":[],"class_list":["post-2300","post","type-post","status-publish","format-standard","has-post-thumbnail","hentry","category-aktualnosci"],"acf":[],"_links":{"self":[{"href":"https:\/\/uniejow.pl\/ucop\/wp-json\/wp\/v2\/posts\/2300","targetHints":{"allow":["GET"]}}],"collection":[{"href":"https:\/\/uniejow.pl\/ucop\/wp-json\/wp\/v2\/posts"}],"about":[{"href":"https:\/\/uniejow.pl\/ucop\/wp-json\/wp\/v2\/types\/post"}],"author":[{"embeddable":true,"href":"https:\/\/uniejow.pl\/ucop\/wp-json\/wp\/v2\/users\/2"}],"replies":[{"embeddable":true,"href":"https:\/\/uniejow.pl\/ucop\/wp-json\/wp\/v2\/comments?post=2300"}],"version-history":[{"count":1,"href":"https:\/\/uniejow.pl\/ucop\/wp-json\/wp\/v2\/posts\/2300\/revisions"}],"predecessor-version":[{"id":2302,"href":"https:\/\/uniejow.pl\/ucop\/wp-json\/wp\/v2\/posts\/2300\/revisions\/2302"}],"wp:featuredmedia":[{"embeddable":true,"href":"https:\/\/uniejow.pl\/ucop\/wp-json\/wp\/v2\/media\/2301"}],"wp:attachment":[{"href":"https:\/\/uniejow.pl\/ucop\/wp-json\/wp\/v2\/media?parent=2300"}],"wp:term":[{"taxonomy":"category","embeddable":true,"href":"https:\/\/uniejow.pl\/ucop\/wp-json\/wp\/v2\/categories?post=2300"},{"taxonomy":"post_tag","embeddable":true,"href":"https:\/\/uniejow.pl\/ucop\/wp-json\/wp\/v2\/tags?post=2300"}],"curies":[{"name":"wp","href":"https:\/\/api.w.org\/{rel}","templated":true}]}}