{"id":2311,"date":"2026-01-26T12:57:05","date_gmt":"2026-01-26T11:57:05","guid":{"rendered":"https:\/\/uniejow.pl\/ucop\/?p=2311"},"modified":"2026-01-26T12:57:06","modified_gmt":"2026-01-26T11:57:06","slug":"rekrutacja-na-misje-gospodarcza-do-londynu-na-targi-branzy-spozywczej","status":"publish","type":"post","link":"https:\/\/uniejow.pl\/ucop\/aktualnosci\/rekrutacja-na-misje-gospodarcza-do-londynu-na-targi-branzy-spozywczej\/","title":{"rendered":"Rekrutacja na Misj\u0119 Gospodarcz\u0105 do Londynu na targi bran\u017cy spo\u017cywczej"},"content":{"rendered":"\n<p><strong>Wojew\u00f3dztwo \u0141\u00f3dzkie<\/strong> zaprasza przedsi\u0119biorc\u00f3w z bran\u017cy spo\u017cywczej do udzia\u0142u w <strong>misji gospodarczej do Londynu na targi INTERNATIONAL FOOD &amp; DRINK EVENT 2026, <\/strong>kt\u00f3re odb\u0119d\u0105 si\u0119 w\u00a0terminie <strong>30.03-01.04.2026 r.                         w Londynie (Wielka Brytania)<\/strong>.<\/p>\n\n\n\n<p>Mi\u0119dzynarodowe targi IFE London 2026 (International Food &amp; Drink Event) to najwi\u0119ksze wydarzenie bran\u017cy \u017cywno\u015bci           i napoj\u00f3w w Wielkiej Brytanii. Targi zrzeszaj\u0105 profesjonalist\u00f3w z sektora FMCG, HoReCa, handlu detalicznego, hurtowego, importu i eksportu. IFE jest cz\u0119\u015bci\u0105 Food, Drink &amp; Hospitality Week, \u0142\u0105cz\u0105cego kilka kluczowych wydarze\u0144 bran\u017cowych i przyci\u0105ga tysi\u0105ce decydent\u00f3w oraz kupc\u00f3w z ca\u0142ego \u015bwiata.<\/p>\n\n\n\n<p><strong>Misja gospodarcza obejmuje wst\u0119p na targi IFE 2026, bez mo\u017cliwo\u015bci wystawienia si\u0119 na stoisku regionalnym Wojew\u00f3dztwa \u0141\u00f3dzkiego.<\/strong> Jest to idealne rozwi\u0105zanie dla firm, kt\u00f3re dopiero rozwa\u017caj\u0105 wej\u015bcie na rynek brytyjski lub planuj\u0105 udzia\u0142 w targach IFE jako wystawcy w kolejnych latach. Uczestnicy misji zyskuj\u0105 dost\u0119p do pe\u0142nej oferty targowej, wiedz\u0119 o oczekiwaniach rynku oraz mo\u017cliwo\u015b\u0107 bezpo\u015brednich rozm\u00f3w z potencjalnymi partnerami handlowymi i specjalistami w zakresie eksportu produkt\u00f3w spo\u017cywczych na rynek brytyjski. Na targach IFE 2026 organizowane jest polskie stoisko narodowe, na kt\u00f3rym mo\u017cna b\u0119dzie spotka\u0107 m.in. przedstawicieli KOWR, Ambasady RP w Wielkiej Brytanii, czy ekspert\u00f3w Zagranicznego Biura Handlowego PAIH w Londynie. Atrakcj\u0105 b\u0119d\u0105 organizowane na stoisku pokazy kulinarne.<\/p>\n\n\n\n<p><strong>Co zapewnia Wojew\u00f3dztwo \u0141\u00f3dzkie?<\/strong><\/p>\n\n\n\n<p>W ramach dofinansowania, stanowi\u0105cego pomoc <em>de minimis<\/em>, Wojew\u00f3dztwo \u0141\u00f3dzkie pokryje nast\u0119puj\u0105ce koszty:<\/p>\n\n\n\n<ul class=\"wp-block-list\">\n<li>bilet\u00f3w lotniczych dla 1 Uczestnika Wyjazdu,<\/li>\n\n\n\n<li>transportu z i na lotnisko w Wielkiej Brytanii oraz codziennego transferu na targi i z powrotem,<\/li>\n\n\n\n<li>zakwaterowania dla 1 Uczestnika Wyjazdu w samodzielnym pokoju,<\/li>\n\n\n\n<li>ubezpieczenia Uczestnik\u00f3w Wyjazdu.<\/li>\n<\/ul>\n\n\n\n<p>Przedsi\u0119biorca pokrywa we w\u0142asnym zakresie pozosta\u0142e koszty, takie jak wy\u017cywienie, diety pracownicze i ewentualne inne koszty dodatkowe. Uczestnicy misji musz\u0105 samodzielnie zarejestrowa\u0107 si\u0119 na targi przed wyjazdem lub pokry\u0107 koszty wst\u0119pu. Uzyskanie Electronic Travel Authorization (ETA) lub wizy do Wielkiej Brytanii le\u017cy po stronie uczestnik\u00f3w.<\/p>\n\n\n\n<p><strong>Kto mo\u017ce wzi\u0105\u0107 udzia\u0142?<\/strong><\/p>\n\n\n\n<p>Do udzia\u0142u zapraszamy <strong>mikro, ma\u0142e i \u015brednie przedsi\u0119biorstwa<\/strong> z terenu <strong>wojew\u00f3dztwa \u0142\u00f3dzkiego<\/strong>, prowadz\u0105ce dzia\u0142alno\u015b\u0107 gospodarcz\u0105 w ramach bran\u017cy: Innowacyjne Rolnictwo i Przetw\u00f3rstwo Rolno-Spo\u017cywcze.<\/p>\n\n\n\n<p>W rekrutacji zostanie wy\u0142onionych <strong>maksymalnie 10 przedsi\u0119biorstw.<\/strong><\/p>\n\n\n\n<p>Z ka\u017cdej firmy w wydarzeniu mo\u017ce uczestniczy\u0107 <strong>maksymalnie 1 przedstawiciel.<\/strong><\/p>\n\n\n\n<p><strong>Wcze\u015bniejszy udzia\u0142 w misjach i targach (jako wystawca), organizowanych przez Wojew\u00f3dztwo \u0141\u00f3dzkie,                   nie wyklucza przedsi\u0119biorstwa z udzia\u0142u w niniejszej rekrutacji.<\/strong><\/p>\n\n\n\n<p><strong>Termin i zasady rekrutacji<\/strong><\/p>\n\n\n\n<ol class=\"wp-block-list\">\n<li>W celu dokonania zg\u0142oszenia nale\u017cy wype\u0142ni\u0107 wszystkie pola Formularza zg\u0142oszeniowego oraz Za\u0142\u0105cznik nr 2               do Regulaminu rekrutacji (\u201eFormularz informacji przedstawionych przy ubieganiu si\u0119 o\u00a0pomoc <em>de minimis<\/em>\u201d).<\/li>\n\n\n\n<li>Skany dokument\u00f3w wype\u0142nionych i podpisanych odr\u0119cznie przez osob\u0119\/y upowa\u017cnion\u0105\/e do reprezentacji                lub wype\u0142nionych i podpisanych elektronicznie (podpis kwalifikowany lub zaufany) przez osob\u0119\/y upowa\u017cnione            do reprezentacji, nale\u017cy przes\u0142a\u0107 na adres <a href=\"mailto:projekty.miedzynarodowe@lodzkie.pl\">miedzynarodowe@lodzkie.pl<\/a>.<\/li>\n\n\n\n<li><strong>Termin zg\u0142osze\u0144:<\/strong> <strong>do 4 lutego 2026 r. do<\/strong> <strong>12:00.<\/strong><\/li>\n\n\n\n<li>Pe\u0142na dokumentacja zg\u0142oszeniowa, w tym wz\u00f3r umowy dofinansowania wyjazdu s\u0105 dost\u0119pne do pobrania                  pod poni\u017cszym linkiem.<\/li>\n<\/ol>\n\n\n\n<p><a href=\"https:\/\/biznes.lodzkie.pl\/wp-content\/uploads\/2026\/01\/dokumenty-rekrutacyjne-misja-do-Londynu.zip\"><strong>&gt;&gt; PLIKI DO POBRANIA &lt;&lt;<\/strong><\/a><\/p>\n\n\n\n<p>Zg\u0142oszenie niekompletne lub nieprawid\u0142owo wype\u0142nione, przekazane po terminie oraz zg\u0142oszenia w innej formie, ni\u017c&nbsp;z&nbsp;wykorzystaniem za\u0142\u0105czonych do pobrania Formularzy nie b\u0119d\u0105 brane pod uwag\u0119.<\/p>\n\n\n\n<p>Lista rezerwowa<\/p>\n\n\n\n<p>Przedsi\u0119biorcy niezakwalifikowani do Wyjazdu zostan\u0105 umieszczeni na li\u015bcie rezerwowej, zgodnie z liczb\u0105 zdobytych punkt\u00f3w, a przy r\u00f3wnej liczbie \u2013 wed\u0142ug kolejno\u015bci uwzgl\u0119dniaj\u0105cej pierwsze\u0144stwo zg\u0142oszenia (data i godzina otrzymania kompletnych dokument\u00f3w).<\/p>\n\n\n\n<p>Wyniki Rekrutacji zostan\u0105 og\u0142oszone na stronie internetowej <a href=\"http:\/\/www.biznes.lodzkie.pl\">www.biznes.lodzkie.pl<\/a> w terminie maksymalnie 14 dni od daty zako\u0144czenia przyjmowania zg\u0142osze\u0144. Z zakwalifikowanymi przedsi\u0119biorcami zostanie podpisana Umowa o dofinansowanie (wz\u00f3r: Za\u0142\u0105cznik nr&nbsp;4 do Regulaminu rekrutacji).<\/p>\n\n\n\n<p><strong>Kontakt<\/strong><br>Departament Przedsi\u0119biorczo\u015bci i Sprawiedliwej Transformacji:<br>e-mail: <a href=\"mailto:projekty.miedzynarodowe@lodzkie.pl\">projekty.miedzynarodowe@lodzkie.pl<\/a><br>tel. 42&nbsp;663 35 91, 42&nbsp;663 38 07<\/p>\n\n\n\n<p><strong>ZG\u0141O\u015a SI\u0118 JU\u017b DZI\u015a! LICZBA MIEJSC OGRANICZONA!<\/strong><\/p>\n\n\n\n<p>Udzia\u0142 w misji do Londynu na targi bran\u017cy spo\u017cywczej <strong>INTERNATIONAL FOOD &amp; DRINK EVENT 2026, <\/strong>realizowany jest w ramach projektu \u201eInterEuropa&nbsp; \u2013 umi\u0119dzynarodowienie dzia\u0142alno\u015bci przedsi\u0119biorstw z&nbsp;wojew\u00f3dztwa \u0142\u00f3dzkiego poprzez udzia\u0142 w wydarzeniach targowych i&nbsp;ekspansj\u0119 na rynki europejskie\u201d, wsp\u00f3\u0142finansowanego ze \u015brodk\u00f3w programu Fundusze Europejskie dla \u0141\u00f3dzkiego 2021 \u2013 2027 i stanowi pomoc de minimis (w rozumieniu rozporz\u0105dzenia Komisji (UE) 2023\/2831).<\/p>\n","protected":false},"excerpt":{"rendered":"<p>Wojew\u00f3dztwo \u0141\u00f3dzkie zaprasza przedsi\u0119biorc\u00f3w z bran\u017cy spo\u017cywczej do udzia\u0142u w misji gospodarczej do Londynu na targi INTERNATIONAL FOOD &amp; DRINK [&#8230;]<\/p>\n<p><a class=\"btn btn-secondary understrap-read-more-link\" href=\"https:\/\/uniejow.pl\/ucop\/aktualnosci\/rekrutacja-na-misje-gospodarcza-do-londynu-na-targi-branzy-spozywczej\/\">Czytaj dalej\u2026<span class=\"screen-reader-text\"> from Rekrutacja na Misj\u0119 Gospodarcz\u0105 do Londynu na targi bran\u017cy spo\u017cywczej<\/span><\/a><\/p>\n","protected":false},"author":5,"featured_media":2312,"comment_status":"closed","ping_status":"closed","sticky":false,"template":"","format":"standard","meta":{"_acf_changed":false,"footnotes":""},"categories":[4],"tags":[],"class_list":["post-2311","post","type-post","status-publish","format-standard","has-post-thumbnail","hentry","category-aktualnosci"],"acf":[],"_links":{"self":[{"href":"https:\/\/uniejow.pl\/ucop\/wp-json\/wp\/v2\/posts\/2311","targetHints":{"allow":["GET"]}}],"collection":[{"href":"https:\/\/uniejow.pl\/ucop\/wp-json\/wp\/v2\/posts"}],"about":[{"href":"https:\/\/uniejow.pl\/ucop\/wp-json\/wp\/v2\/types\/post"}],"author":[{"embeddable":true,"href":"https:\/\/uniejow.pl\/ucop\/wp-json\/wp\/v2\/users\/5"}],"replies":[{"embeddable":true,"href":"https:\/\/uniejow.pl\/ucop\/wp-json\/wp\/v2\/comments?post=2311"}],"version-history":[{"count":1,"href":"https:\/\/uniejow.pl\/ucop\/wp-json\/wp\/v2\/posts\/2311\/revisions"}],"predecessor-version":[{"id":2313,"href":"https:\/\/uniejow.pl\/ucop\/wp-json\/wp\/v2\/posts\/2311\/revisions\/2313"}],"wp:featuredmedia":[{"embeddable":true,"href":"https:\/\/uniejow.pl\/ucop\/wp-json\/wp\/v2\/media\/2312"}],"wp:attachment":[{"href":"https:\/\/uniejow.pl\/ucop\/wp-json\/wp\/v2\/media?parent=2311"}],"wp:term":[{"taxonomy":"category","embeddable":true,"href":"https:\/\/uniejow.pl\/ucop\/wp-json\/wp\/v2\/categories?post=2311"},{"taxonomy":"post_tag","embeddable":true,"href":"https:\/\/uniejow.pl\/ucop\/wp-json\/wp\/v2\/tags?post=2311"}],"curies":[{"name":"wp","href":"https:\/\/api.w.org\/{rel}","templated":true}]}}