{"id":2681,"date":"2026-03-13T14:32:45","date_gmt":"2026-03-13T13:32:45","guid":{"rendered":"https:\/\/uniejow.pl\/ucop\/?p=2681"},"modified":"2026-03-13T14:32:46","modified_gmt":"2026-03-13T13:32:46","slug":"lodzkie-bony-rozwojowe-wsparcie-dla-mieszkancow-wojewodztwa-lodzkiego","status":"publish","type":"post","link":"https:\/\/uniejow.pl\/ucop\/aktualnosci\/lodzkie-bony-rozwojowe-wsparcie-dla-mieszkancow-wojewodztwa-lodzkiego\/","title":{"rendered":"\u0141\u00f3dzkie bony rozwojowe \u2013 wsparcie dla mieszka\u0144c\u00f3w wojew\u00f3dztwa \u0142\u00f3dzkiego"},"content":{"rendered":"\n<p><\/p>\n\n\n\n<p>Osoby doros\u0142e z wojew\u00f3dztwa \u0142\u00f3dzkiego mog\u0105 skorzysta\u0107 z dofinansowania na rozw\u00f3j swoich umiej\u0119tno\u015bci i kwalifikacji w ramach projektu <strong>\u201e\u0141\u00f3dzkie bony rozwojowe\u201d<\/strong>. Inicjatywa skierowana jest do os\u00f3b, kt\u00f3re chc\u0105 podnie\u015b\u0107 swoje kompetencje zawodowe, zdoby\u0107 nowe kwalifikacje lub zmieni\u0107 \u015bcie\u017ck\u0119 edukacyjno-zawodow\u0105.<\/p>\n\n\n\n<h4 class=\"wp-block-heading\">Dla kogo przeznaczony jest projekt<\/h4>\n\n\n\n<p>Projekt adresowany jest do <strong>os\u00f3b doros\u0142ych<\/strong>, kt\u00f3re:<\/p>\n\n\n\n<ul class=\"wp-block-list\">\n<li>mieszkaj\u0105, ucz\u0105 si\u0119 lub pracuj\u0105 na terenie wojew\u00f3dztwa \u0142\u00f3dzkiego,<\/li>\n\n\n\n<li>nie prowadz\u0105 dzia\u0142alno\u015bci gospodarczej,<\/li>\n\n\n\n<li>chc\u0105 rozwija\u0107 swoje umiej\u0119tno\u015bci lub zdoby\u0107 nowe kwalifikacje.<\/li>\n<\/ul>\n\n\n\n<p>Szczeg\u00f3lne preferencje w projekcie maj\u0105 osoby znajduj\u0105ce si\u0119 w <strong>niekorzystnej sytuacji na rynku pracy<\/strong> oraz zainteresowane us\u0142ugami rozwojowymi w obszarach:<\/p>\n\n\n\n<ul class=\"wp-block-list\">\n<li><strong>kompetencji cyfrowych<\/strong>,<\/li>\n\n\n\n<li><strong>zielonej gospodarki<\/strong>,<\/li>\n\n\n\n<li><strong>gospodarki o obiegu zamkni\u0119tym<\/strong>,<\/li>\n\n\n\n<li>us\u0142ug prowadz\u0105cych do <strong>uzyskania lub potwierdzenia kwalifikacji<\/strong> wpisanych do <strong>Zintegrowanego Rejestru Kwalifikacji<\/strong>, zgodnie z ustaw\u0105 z dnia 22 grudnia 2015 r. o Zintegrowanym Systemie Kwalifikacji.<\/li>\n<\/ul>\n\n\n\n<h4 class=\"wp-block-heading\">Na czym polega wsparcie<\/h4>\n\n\n\n<p>Uczestnicy projektu mog\u0105 skorzysta\u0107 z dofinansowania us\u0142ug rozwojowych dost\u0119pnych w <strong>Bazie Us\u0142ug Rozwojowych<\/strong>. W ramach projektu mo\u017cliwe jest uzyskanie wsparcia finansowego do szkole\u0144, kurs\u00f3w lub innych form podnoszenia kwalifikacji.<\/p>\n\n\n\n<ul class=\"wp-block-list\">\n<li><strong>Maksymalna warto\u015b\u0107 wsparcia dla jednego uczestnika wynosi 6800 z\u0142<\/strong> (wraz z wk\u0142adem w\u0142asnym uczestnika).<\/li>\n\n\n\n<li><strong>Poziom dofinansowania jednej us\u0142ugi rozwojowej mo\u017ce wynosi\u0107 do 93% jej warto\u015bci<\/strong>.<\/li>\n<\/ul>\n\n\n\n<p>Dzi\u0119ki udzia\u0142owi w projekcie uczestnicy maj\u0105 mo\u017cliwo\u015b\u0107 zdobycia nowych kompetencji w wybranej przez siebie dziedzinie lub w obszarze wskazanym przez doradc\u0119 zawodowego (w przypadku os\u00f3b korzystaj\u0105cych z Bilansu Kompetencji). Uzyskane kwalifikacje mog\u0105 przyczyni\u0107 si\u0119 do zwi\u0119kszenia szans na rozw\u00f3j zawodowy lub zmian\u0119 \u015bcie\u017cki kariery.<\/p>\n\n\n\n<h4 class=\"wp-block-heading\">Nabory do projektu<\/h4>\n\n\n\n<p>Rekrutacja do projektu prowadzona jest <strong>cyklicznie \u2013 \u015brednio co 1,5\u20132 miesi\u0105ce<\/strong>.<\/p>\n\n\n\n<p>Najbli\u017csze nabory rozpoczn\u0105 si\u0119:<\/p>\n\n\n\n<ul class=\"wp-block-list\">\n<li><strong>13 marca o godz. 10:00<\/strong>,<\/li>\n\n\n\n<li><strong>12 maja o godz. 10:00<\/strong>.<\/li>\n<\/ul>\n\n\n\n<h4 class=\"wp-block-heading\">Gdzie znale\u017a\u0107 wi\u0119cej informacji<\/h4>\n\n\n\n<p>Szczeg\u00f3\u0142owe informacje dotycz\u0105ce projektu, w tym dokumenty rekrutacyjne, opis \u015bcie\u017cki uczestnictwa oraz aktualne og\u0142oszenia o naborach, dost\u0119pne s\u0105 na stronie:<br><strong><a href=\"http:\/\/www.bony.fundacjainicjatyw.eu\">www.bony.fundacjainicjatyw.eu<\/a><\/strong><\/p>\n\n\n\n<p>W razie pyta\u0144 mo\u017cna r\u00f3wnie\u017c skontaktowa\u0107 si\u0119 z organizatorem projektu:<\/p>\n\n\n\n<ul class=\"wp-block-list\">\n<li>e-mail: <strong><a>bony@fundacjainicjatyw.eu<\/a><\/strong><\/li>\n\n\n\n<li>tel.: <strong>+48 514 116 510<\/strong><\/li>\n\n\n\n<li>godziny kontaktu: <strong>poniedzia\u0142ek\u2013pi\u0105tek, 8:00\u201316:00<\/strong><\/li>\n<\/ul>\n\n\n\n<p>Projekt \u201e\u0141\u00f3dzkie bony rozwojowe\u201d stanowi realn\u0105 szans\u0119 dla mieszka\u0144c\u00f3w regionu na rozw\u00f3j kompetencji, zdobycie nowych kwalifikacji oraz zwi\u0119kszenie swojej konkurencyjno\u015bci na rynku pracy.<\/p>\n\n\n\n<div data-wp-interactive=\"core\/file\" class=\"wp-block-file\"><object data-wp-bind--hidden=\"!state.hasPdfPreview\" hidden class=\"wp-block-file__embed\" data=\"https:\/\/uniejow.pl\/ucop\/wp-content\/uploads\/2026\/03\/Plakat-promocyjny-bony-FIR-aktualny.pdf\" type=\"application\/pdf\" style=\"width:100%;height:600px\" aria-label=\"Osadzone z Plakat promocyjny bony (FIR) - aktualny.\"><\/object><a id=\"wp-block-file--media-00910d68-bebe-4ab8-8a76-e0e7b2539853\" href=\"https:\/\/uniejow.pl\/ucop\/wp-content\/uploads\/2026\/03\/Plakat-promocyjny-bony-FIR-aktualny.pdf\">Plakat promocyjny bony (FIR) &#8211; aktualny<\/a><a href=\"https:\/\/uniejow.pl\/ucop\/wp-content\/uploads\/2026\/03\/Plakat-promocyjny-bony-FIR-aktualny.pdf\" class=\"wp-block-file__button wp-element-button\" download aria-describedby=\"wp-block-file--media-00910d68-bebe-4ab8-8a76-e0e7b2539853\">Pobierz<\/a><\/div>\n\n\n\n<p><\/p>\n","protected":false},"excerpt":{"rendered":"<p>Osoby doros\u0142e z wojew\u00f3dztwa \u0142\u00f3dzkiego mog\u0105 skorzysta\u0107 z dofinansowania na rozw\u00f3j swoich umiej\u0119tno\u015bci i kwalifikacji w ramach projektu \u201e\u0141\u00f3dzkie bony [&#8230;]<\/p>\n<p><a class=\"btn btn-secondary understrap-read-more-link\" href=\"https:\/\/uniejow.pl\/ucop\/aktualnosci\/lodzkie-bony-rozwojowe-wsparcie-dla-mieszkancow-wojewodztwa-lodzkiego\/\">Czytaj dalej\u2026<span class=\"screen-reader-text\"> from \u0141\u00f3dzkie bony rozwojowe \u2013 wsparcie dla mieszka\u0144c\u00f3w wojew\u00f3dztwa \u0142\u00f3dzkiego<\/span><\/a><\/p>\n","protected":false},"author":5,"featured_media":2683,"comment_status":"closed","ping_status":"closed","sticky":false,"template":"","format":"standard","meta":{"_acf_changed":false,"footnotes":""},"categories":[4],"tags":[],"class_list":["post-2681","post","type-post","status-publish","format-standard","has-post-thumbnail","hentry","category-aktualnosci"],"acf":[],"_links":{"self":[{"href":"https:\/\/uniejow.pl\/ucop\/wp-json\/wp\/v2\/posts\/2681","targetHints":{"allow":["GET"]}}],"collection":[{"href":"https:\/\/uniejow.pl\/ucop\/wp-json\/wp\/v2\/posts"}],"about":[{"href":"https:\/\/uniejow.pl\/ucop\/wp-json\/wp\/v2\/types\/post"}],"author":[{"embeddable":true,"href":"https:\/\/uniejow.pl\/ucop\/wp-json\/wp\/v2\/users\/5"}],"replies":[{"embeddable":true,"href":"https:\/\/uniejow.pl\/ucop\/wp-json\/wp\/v2\/comments?post=2681"}],"version-history":[{"count":1,"href":"https:\/\/uniejow.pl\/ucop\/wp-json\/wp\/v2\/posts\/2681\/revisions"}],"predecessor-version":[{"id":2684,"href":"https:\/\/uniejow.pl\/ucop\/wp-json\/wp\/v2\/posts\/2681\/revisions\/2684"}],"wp:featuredmedia":[{"embeddable":true,"href":"https:\/\/uniejow.pl\/ucop\/wp-json\/wp\/v2\/media\/2683"}],"wp:attachment":[{"href":"https:\/\/uniejow.pl\/ucop\/wp-json\/wp\/v2\/media?parent=2681"}],"wp:term":[{"taxonomy":"category","embeddable":true,"href":"https:\/\/uniejow.pl\/ucop\/wp-json\/wp\/v2\/categories?post=2681"},{"taxonomy":"post_tag","embeddable":true,"href":"https:\/\/uniejow.pl\/ucop\/wp-json\/wp\/v2\/tags?post=2681"}],"curies":[{"name":"wp","href":"https:\/\/api.w.org\/{rel}","templated":true}]}}