{"id":2730,"date":"2026-03-18T14:59:43","date_gmt":"2026-03-18T13:59:43","guid":{"rendered":"https:\/\/uniejow.pl\/ucop\/?p=2730"},"modified":"2026-03-18T14:59:44","modified_gmt":"2026-03-18T13:59:44","slug":"biznes-jutra-eksperckie-wsparcie-dla-msp-ai-od-teorii-do-wdrozenia","status":"publish","type":"post","link":"https:\/\/uniejow.pl\/ucop\/aktualnosci\/biznes-jutra-eksperckie-wsparcie-dla-msp-ai-od-teorii-do-wdrozenia\/","title":{"rendered":"Biznes Jutra \u2013 eksperckie wsparcie dla M\u015aP \u201eAI \u2013 od teorii do wdro\u017cenia&#8221;"},"content":{"rendered":"\n<p><\/p>\n\n\n\n<p>W dobie dynamicznych zmian technologicznych sztuczna inteligencja przestaje by\u0107 jedynie has\u0142em z konferencji bran\u017cowych, a staje si\u0119 realnym narz\u0119dziem wspieraj\u0105cym rozw\u00f3j firm. Wielu przedsi\u0119biorc\u00f3w z sektora M\u015aP zadaje sobie jednak kluczowe pytanie: jak wykorzysta\u0107 AI w praktyce, bez zb\u0119dnej teorii i kosztownych b\u0142\u0119d\u00f3w?<\/p>\n\n\n\n<p>Odpowiedzi\u0105 na te potrzeby jest wydarzenie <strong>\u201eBiznes Jutra \u2013 eksperckie wsparcie dla M\u015aP. AI \u2013 od teorii do wdro\u017cenia\u201d<\/strong>, kt\u00f3re odb\u0119dzie si\u0119 24 marca 2026 roku w Columna Medica w \u0141asku. To inicjatywa skierowana do przedsi\u0119biorc\u00f3w z wojew\u00f3dztwa \u0142\u00f3dzkiego, kt\u00f3rzy chc\u0105 w spos\u00f3b \u015bwiadomy i bezpieczny wdra\u017ca\u0107 rozwi\u0105zania oparte na sztucznej inteligencji.<\/p>\n\n\n\n<h3 class=\"wp-block-heading\">Praktyczne podej\u015bcie do AI w biznesie<\/h3>\n\n\n\n<p>Celem wydarzenia jest pokazanie realnych zastosowa\u0144 AI w codziennym funkcjonowaniu firm. Uczestnicy dowiedz\u0105 si\u0119 mi\u0119dzy innymi:<\/p>\n\n\n\n<ul class=\"wp-block-list\">\n<li>jak skutecznie wykorzysta\u0107 sztuczn\u0105 inteligencj\u0119 w dzia\u0142alno\u015bci biznesowej,<\/li>\n\n\n\n<li>kt\u00f3re narz\u0119dzia AI wspieraj\u0105 sprzeda\u017c, marketing i zarz\u0105dzanie,<\/li>\n\n\n\n<li>jak wdra\u017ca\u0107 rozwi\u0105zania zgodnie z obowi\u0105zuj\u0105cymi regulacjami i dobrymi praktykami.<\/li>\n<\/ul>\n\n\n\n<p>Spotkanie ma charakter praktyczny \u2013 zamiast teoretycznych rozwa\u017ca\u0144 uczestnicy otrzymaj\u0105 konkretne wskaz\u00f3wki, przyk\u0142ady wdro\u017ce\u0144 oraz mo\u017cliwo\u015b\u0107 konsultacji z ekspertami.<\/p>\n\n\n\n<h3 class=\"wp-block-heading\">Program pe\u0142en wiedzy i inspiracji<\/h3>\n\n\n\n<p>Wydarzenie rozpocznie si\u0119 o godzinie 9:00 porannym networkingiem, kt\u00f3ry umo\u017cliwi uczestnikom nawi\u0105zanie pierwszych kontakt\u00f3w biznesowych. Nast\u0119pnie zaplanowano seri\u0119 wyk\u0142ad\u00f3w i paneli dyskusyjnych, obejmuj\u0105cych m.in.:<\/p>\n\n\n\n<ul class=\"wp-block-list\">\n<li>strategie wdra\u017cania AI w M\u015aP,<\/li>\n\n\n\n<li>wykorzystanie generatywnej AI w marketingu i sprzeda\u017cy,<\/li>\n\n\n\n<li>analiz\u0119 ryzyk oraz zwrotu z inwestycji (ROI),<\/li>\n\n\n\n<li>aspekty prawne i etyczne wykorzystania sztucznej inteligencji.<\/li>\n<\/ul>\n\n\n\n<p>Szczeg\u00f3lnym elementem programu b\u0119d\u0105 warsztaty tematyczne, podczas kt\u00f3rych uczestnicy b\u0119d\u0105 mogli pracowa\u0107 na konkretnych przyk\u0142adach i narz\u0119dziach. To okazja do zdobycia praktycznych umiej\u0119tno\u015bci, kt\u00f3re mo\u017cna od razu zastosowa\u0107 w firmie.<\/p>\n\n\n\n<h3 class=\"wp-block-heading\">Eksperci z do\u015bwiadczeniem<\/h3>\n\n\n\n<p>W wydarzeniu udzia\u0142 wezm\u0105 uznani specjali\u015bci z zakresu technologii, prawa i transformacji cyfrowej. W\u015br\u00f3d nich znajd\u0105 si\u0119 m.in.:<\/p>\n\n\n\n<ul class=\"wp-block-list\">\n<li>Dominik Lubasz \u2013 radca prawny specjalizuj\u0105cy si\u0119 w prawie nowych technologii i ochronie danych,<\/li>\n\n\n\n<li>Przemys\u0142aw Mikus \u2013 prezes SoDA i ekspert wdro\u017ce\u0144 AI z ponad 20-letnim do\u015bwiadczeniem,<\/li>\n\n\n\n<li>Marcin Lisiak \u2013 specjalista generatywnej AI w marketingu i sprzeda\u017cy,<\/li>\n\n\n\n<li>Jan Ekiel \u2013 CEO Liki Mobile Solutions, ekspert transformacji cyfrowej,<\/li>\n\n\n\n<li>Adam Troja\u0144czyk \u2013 doradca w zakresie strategii cyfrowych i automatyzacji,<\/li>\n\n\n\n<li>Piotr Heflich \u2013 wsp\u00f3\u0142za\u0142o\u017cyciel inicjatywy \u015aniadania AI w \u0141odzi.<\/li>\n<\/ul>\n\n\n\n<p>Ich wiedza i do\u015bwiadczenie pozwol\u0105 uczestnikom spojrze\u0107 na AI z r\u00f3\u017cnych perspektyw \u2013 technologicznej, biznesowej i prawnej.<\/p>\n\n\n\n<h3 class=\"wp-block-heading\">Networking i indywidualne konsultacje<\/h3>\n\n\n\n<p>Istotnym elementem wydarzenia b\u0119dzie networking \u2013 zar\u00f3wno w trakcie przerw kawowych, jak i podczas lunchu ko\u0144cz\u0105cego spotkanie. To szansa na wymian\u0119 do\u015bwiadcze\u0144 oraz nawi\u0105zanie warto\u015bciowych relacji biznesowych.<\/p>\n\n\n\n<p>Dodatkowo uczestnicy b\u0119d\u0105 mogli zapisa\u0107 si\u0119 na bezp\u0142atne indywidualne porady eksperckie online w trzech obszarach:<\/p>\n\n\n\n<ul class=\"wp-block-list\">\n<li>strategie wdra\u017cania AI w M\u015aP,<\/li>\n\n\n\n<li>generatywna AI w marketingu i sprzeda\u017cy,<\/li>\n\n\n\n<li>narz\u0119dzia i platformy AI w praktyce.<\/li>\n<\/ul>\n\n\n\n<h3 class=\"wp-block-heading\">Bezp\u0142atny udzia\u0142 \u2013 ograniczona liczba miejsc<\/h3>\n\n\n\n<p>Udzia\u0142 w wydarzeniu jest bezp\u0142atny, jednak liczba miejsc jest ograniczona. To propozycja dla przedsi\u0119biorc\u00f3w, kt\u00f3rzy chc\u0105 \u015bwiadomie rozwija\u0107 swoje firmy i wykorzysta\u0107 potencja\u0142 sztucznej inteligencji w praktyce.<\/p>\n\n\n\n<p><a href=\"https:\/\/elodzkie.pl\/formularz\/biznes-jutra-eksperckie-wsparcie-dla-msp-ai-od-teorii-do-wdrozenia?fbclid=IwY2xjawQnjOhleHRuA2FlbQIxMABicmlkETBzNzRpR3NhcnVETGtBaVkxc3J0YwZhcHBfaWQQMjIyMDM5MTc4ODIwMDg5MgABHuaBKgYPWD5ansGwLcsGuz4v4TswLjOdb-6JcuRpXiS6iLX4N6vAtHeSCSIi_aem_V2pGENMQDTEzS276teQ_Gg\">\u201eBiznes Jutra\u201d<\/a> to nie tylko konferencja \u2013 to przestrze\u0144 do zdobycia wiedzy, inspiracji i konkretnych narz\u0119dzi, kt\u00f3re mog\u0105 realnie wp\u0142yn\u0105\u0107 na rozw\u00f3j przedsi\u0119biorstwa.<\/p>\n\n\n\n<p><\/p>\n","protected":false},"excerpt":{"rendered":"<p>W dobie dynamicznych zmian technologicznych sztuczna inteligencja przestaje by\u0107 jedynie has\u0142em z konferencji bran\u017cowych, a staje si\u0119 realnym narz\u0119dziem wspieraj\u0105cym [&#8230;]<\/p>\n<p><a class=\"btn btn-secondary understrap-read-more-link\" href=\"https:\/\/uniejow.pl\/ucop\/aktualnosci\/biznes-jutra-eksperckie-wsparcie-dla-msp-ai-od-teorii-do-wdrozenia\/\">Czytaj dalej\u2026<span class=\"screen-reader-text\"> from Biznes Jutra \u2013 eksperckie wsparcie dla M\u015aP \u201eAI \u2013 od teorii do wdro\u017cenia&#8221;<\/span><\/a><\/p>\n","protected":false},"author":5,"featured_media":2731,"comment_status":"closed","ping_status":"closed","sticky":false,"template":"","format":"standard","meta":{"_acf_changed":false,"footnotes":""},"categories":[4],"tags":[],"class_list":["post-2730","post","type-post","status-publish","format-standard","has-post-thumbnail","hentry","category-aktualnosci"],"acf":[],"_links":{"self":[{"href":"https:\/\/uniejow.pl\/ucop\/wp-json\/wp\/v2\/posts\/2730","targetHints":{"allow":["GET"]}}],"collection":[{"href":"https:\/\/uniejow.pl\/ucop\/wp-json\/wp\/v2\/posts"}],"about":[{"href":"https:\/\/uniejow.pl\/ucop\/wp-json\/wp\/v2\/types\/post"}],"author":[{"embeddable":true,"href":"https:\/\/uniejow.pl\/ucop\/wp-json\/wp\/v2\/users\/5"}],"replies":[{"embeddable":true,"href":"https:\/\/uniejow.pl\/ucop\/wp-json\/wp\/v2\/comments?post=2730"}],"version-history":[{"count":1,"href":"https:\/\/uniejow.pl\/ucop\/wp-json\/wp\/v2\/posts\/2730\/revisions"}],"predecessor-version":[{"id":2732,"href":"https:\/\/uniejow.pl\/ucop\/wp-json\/wp\/v2\/posts\/2730\/revisions\/2732"}],"wp:featuredmedia":[{"embeddable":true,"href":"https:\/\/uniejow.pl\/ucop\/wp-json\/wp\/v2\/media\/2731"}],"wp:attachment":[{"href":"https:\/\/uniejow.pl\/ucop\/wp-json\/wp\/v2\/media?parent=2730"}],"wp:term":[{"taxonomy":"category","embeddable":true,"href":"https:\/\/uniejow.pl\/ucop\/wp-json\/wp\/v2\/categories?post=2730"},{"taxonomy":"post_tag","embeddable":true,"href":"https:\/\/uniejow.pl\/ucop\/wp-json\/wp\/v2\/tags?post=2730"}],"curies":[{"name":"wp","href":"https:\/\/api.w.org\/{rel}","templated":true}]}}