{"id":2810,"date":"2026-03-23T09:21:02","date_gmt":"2026-03-23T08:21:02","guid":{"rendered":"https:\/\/uniejow.pl\/ucop\/?p=2810"},"modified":"2026-03-23T09:21:03","modified_gmt":"2026-03-23T08:21:03","slug":"polska-branza-kosmetyczna-liderem-wzrostu-w-ue","status":"publish","type":"post","link":"https:\/\/uniejow.pl\/ucop\/aktualnosci\/polska-branza-kosmetyczna-liderem-wzrostu-w-ue\/","title":{"rendered":"Polska bran\u017ca kosmetyczna liderem wzrostu w UE"},"content":{"rendered":"\n<p>Polska bran\u017ca kosmetyczna w ostatnich latach rozwija si\u0119 wyj\u0105tkowo dynamicznie i dzi\u015b nale\u017cy do najszybciej rosn\u0105cych w ca\u0142ej Unii Europejskiej. Jeszcze kilkana\u015bcie lat temu sektor ten skupia\u0142 si\u0119 g\u0142\u00f3wnie na rynku krajowym, jednak obecnie sta\u0142 si\u0119 wa\u017cnym graczem tak\u017ce na arenie mi\u0119dzynarodowej.<\/p>\n\n\n\n<p>W 2024 roku warto\u015b\u0107 polskiego rynku kosmetycznego wzros\u0142a a\u017c o 16,8%, co by\u0142o najlepszym wynikiem w UE i niemal dwukrotnie przewy\u017csza\u0142o \u015bredni\u0105 europejsk\u0105. Dzi\u0119ki temu Polska sta\u0142a si\u0119 5. najwi\u0119kszym rynkiem kosmetycznym w Unii Europejskiej oraz jednym z lider\u00f3w wzrostu w ca\u0142ym regionie. Od momentu wej\u015bcia do UE warto\u015b\u0107 rynku kosmetyk\u00f3w w Polsce niemal si\u0119 potroi\u0142a, co pokazuje, jak szybko rozwija si\u0119 ta bran\u017ca.<\/p>\n\n\n\n<p>Jednym z kluczowych czynnik\u00f3w sukcesu jest eksport. W 2024 roku osi\u0105gn\u0105\u0142 on rekordow\u0105 warto\u015b\u0107 oko\u0142o 6 miliard\u00f3w euro. Je\u015bli chodzi o Polsk\u0119, to:<\/p>\n\n\n\n<ul class=\"wp-block-list\">\n<li>zajmuje 9. miejsce na \u015bwiecie w eksporcie kosmetyk\u00f3w,<\/li>\n\n\n\n<li>jest 5. najwi\u0119kszym eksporterem w UE,<\/li>\n\n\n\n<li>sprzedaje wi\u0119cej kosmetyk\u00f3w za granic\u0119, ni\u017c importuje.<\/li>\n<\/ul>\n\n\n\n<p>Najwi\u0119cej polskich produkt\u00f3w trafia do kraj\u00f3w europejskich, ale ro\u015bnie tak\u017ce znaczenie rynk\u00f3w w Azji, na Bliskim Wschodzie i w Ameryce \u0141aci\u0144skiej.<\/p>\n\n\n\n<p>Polska wyr\u00f3\u017cnia si\u0119 szczeg\u00f3lnie w produkcji kosmetyk\u00f3w codziennego u\u017cytku, takich jak myd\u0142a, dezodoranty, produkty do higieny jamy ustnej, kosmetyki do piel\u0119gnacji sk\u00f3ry i w\u0142os\u00f3w. W wielu z tych kategorii zajmuje czo\u0142owe miejsca w Europie pod wzgl\u0119dem eksportu. <\/p>\n\n\n\n<p>Zatem co stoi za sukcesem? Ot\u00f3\u017c jak wynika z <a href=\"https:\/\/www.trade.gov.pl\/aktualnosci\/nowy-raport-dla-sektora-kosmetycznego\/#Pobierz-raport\"><em>Raportu o stanie bran\u017cy kosmetycznej 2025,<\/em><\/a>Na szybki rozw\u00f3j bran\u017cy wp\u0142ywa kilka czynnik\u00f3w:<\/p>\n\n\n\n<ul class=\"wp-block-list\">\n<li>rosn\u0105ca si\u0142a nabywcza Polak\u00f3w,<\/li>\n\n\n\n<li>wi\u0119ksze wydatki na produkty codzienne,<\/li>\n\n\n\n<li>innowacje i rozw\u00f3j technologii,<\/li>\n\n\n\n<li>silny popyt zar\u00f3wno w kraju, jak i za granic\u0105.<\/li>\n<\/ul>\n\n\n\n<p>Podsumowuj\u0105c, Polska bran\u017ca kosmetyczna to dzi\u015b jeden z filar\u00f3w gospodarki i przyk\u0142ad sukcesu na rynku europejskim. Dynamiczny wzrost, silny eksport i rosn\u0105ca innowacyjno\u015b\u0107 sprawiaj\u0105, \u017ce Polska ma realn\u0105 szans\u0119 utrzyma\u0107 pozycj\u0119 lidera w najbli\u017cszych latach.<\/p>\n\n\n\n<p>\u017ar\u00f3d\u0142o: <em>Polski Zwi\u0105zek Przemys\u0142u Kosmetycznego, \u201eKosmetyczna Polska\u201d Raport o stanie bran\u017cy kosmetycznej 2025,<\/em> <a href=\"https:\/\/www.trade.gov.pl\/wiedza\/polska-branza-kosmetyczna-liderem-wzrostu-w-ue\/\">https:\/\/www.trade.gov.pl\/wiedza\/polska-branza-kosmetyczna-liderem-wzrostu-w-ue\/<\/a> <\/p>\n\n\n\n<p><\/p>\n\n\n\n<p>AS<\/p>\n","protected":false},"excerpt":{"rendered":"<p>Polska bran\u017ca kosmetyczna w ostatnich latach rozwija si\u0119 wyj\u0105tkowo dynamicznie i dzi\u015b nale\u017cy do najszybciej rosn\u0105cych w ca\u0142ej Unii Europejskiej. [&#8230;]<\/p>\n<p><a class=\"btn btn-secondary understrap-read-more-link\" href=\"https:\/\/uniejow.pl\/ucop\/aktualnosci\/polska-branza-kosmetyczna-liderem-wzrostu-w-ue\/\">Czytaj dalej\u2026<span class=\"screen-reader-text\"> from Polska bran\u017ca kosmetyczna liderem wzrostu w UE<\/span><\/a><\/p>\n","protected":false},"author":2,"featured_media":2811,"comment_status":"closed","ping_status":"closed","sticky":false,"template":"","format":"standard","meta":{"_acf_changed":false,"footnotes":""},"categories":[4],"tags":[],"class_list":["post-2810","post","type-post","status-publish","format-standard","has-post-thumbnail","hentry","category-aktualnosci"],"acf":[],"_links":{"self":[{"href":"https:\/\/uniejow.pl\/ucop\/wp-json\/wp\/v2\/posts\/2810","targetHints":{"allow":["GET"]}}],"collection":[{"href":"https:\/\/uniejow.pl\/ucop\/wp-json\/wp\/v2\/posts"}],"about":[{"href":"https:\/\/uniejow.pl\/ucop\/wp-json\/wp\/v2\/types\/post"}],"author":[{"embeddable":true,"href":"https:\/\/uniejow.pl\/ucop\/wp-json\/wp\/v2\/users\/2"}],"replies":[{"embeddable":true,"href":"https:\/\/uniejow.pl\/ucop\/wp-json\/wp\/v2\/comments?post=2810"}],"version-history":[{"count":1,"href":"https:\/\/uniejow.pl\/ucop\/wp-json\/wp\/v2\/posts\/2810\/revisions"}],"predecessor-version":[{"id":2812,"href":"https:\/\/uniejow.pl\/ucop\/wp-json\/wp\/v2\/posts\/2810\/revisions\/2812"}],"wp:featuredmedia":[{"embeddable":true,"href":"https:\/\/uniejow.pl\/ucop\/wp-json\/wp\/v2\/media\/2811"}],"wp:attachment":[{"href":"https:\/\/uniejow.pl\/ucop\/wp-json\/wp\/v2\/media?parent=2810"}],"wp:term":[{"taxonomy":"category","embeddable":true,"href":"https:\/\/uniejow.pl\/ucop\/wp-json\/wp\/v2\/categories?post=2810"},{"taxonomy":"post_tag","embeddable":true,"href":"https:\/\/uniejow.pl\/ucop\/wp-json\/wp\/v2\/tags?post=2810"}],"curies":[{"name":"wp","href":"https:\/\/api.w.org\/{rel}","templated":true}]}}