{"id":2926,"date":"2026-04-07T12:30:56","date_gmt":"2026-04-07T11:30:56","guid":{"rendered":"https:\/\/uniejow.pl\/ucop\/?p=2926"},"modified":"2026-04-07T12:30:58","modified_gmt":"2026-04-07T11:30:58","slug":"webinarium-twoj-biznes-swiatowa-marka","status":"publish","type":"post","link":"https:\/\/uniejow.pl\/ucop\/aktualnosci\/webinarium-twoj-biznes-swiatowa-marka\/","title":{"rendered":"Webinarium Tw\u00f3j biznes &#8211; \u015bwiatowa marka"},"content":{"rendered":"\n<p><\/p>\n\n\n\n<p>Czy udzia\u0142 w zagranicznych targach, wydarzeniach EXPO czy mi\u0119dzynarodowych spotkaniach biznesowych jest zarezerwowany tylko dla najwi\u0119kszych firm? Coraz wi\u0119cej inicjatyw pokazuje, \u017ce r\u00f3wnie\u017c lokalni przedsi\u0119biorcy mog\u0105 skutecznie rozwija\u0107 swoj\u0105 dzia\u0142alno\u015b\u0107 poza granicami kraju.<\/p>\n\n\n\n<p>Dzi\u0119ki wsparciu Funduszy Europejskich oraz inicjatywom realizowanym przez Urz\u0105d Marsza\u0142kowski, przedsi\u0119biorcy maj\u0105 mo\u017cliwo\u015b\u0107 skorzystania z kompleksowej pomocy w zakresie ekspansji zagranicznej. O dost\u0119pnych mo\u017cliwo\u015bciach b\u0119dzie mo\u017cna dowiedzie\u0107 si\u0119 podczas nadchodz\u0105cego webinaru skierowanego do firm zainteresowanych rozwojem mi\u0119dzynarodowym.<\/p>\n\n\n\n<p>W spotkaniu udzia\u0142 we\u017amie Monika Papierak, Zast\u0119pca Dyrektora Departamentu Przedsi\u0119biorczo\u015bci i Sprawiedliwej Transformacji, a tak\u017ce przedsi\u0119biorcy z regionu \u0142\u00f3dzkiego, kt\u00f3rzy z powodzeniem dzia\u0142aj\u0105 ju\u017c na rynkach zagranicznych i podziel\u0105 si\u0119 swoimi do\u015bwiadczeniami.<\/p>\n\n\n\n<p>Podczas webinaru om\u00f3wione zostan\u0105 kluczowe zagadnienia zwi\u0105zane z udzia\u0142em w projektach wspieraj\u0105cych internacjonalizacj\u0119 przedsi\u0119biorstw, takich jak InterEuropa oraz Kierunek Azja. Uczestnicy dowiedz\u0105 si\u0119 r\u00f3wnie\u017c, jakie formy wsparcia s\u0105 dost\u0119pne oraz jak w praktyce wygl\u0105da udzia\u0142 w mi\u0119dzynarodowych wydarzeniach \u2013 od przygotowania, po realizacj\u0119.<\/p>\n\n\n\n<p>Programy wsparcia obejmuj\u0105 m.in. pomoc w organizacji stoiska targowego, zapewnienie transportu, zakwaterowania oraz wsparcie logistyczne. Dzi\u0119ki temu przedsi\u0119biorcy mog\u0105 skoncentrowa\u0107 si\u0119 na promocji swojej oferty oraz nawi\u0105zywaniu relacji biznesowych.<\/p>\n\n\n\n<p>Webinar odb\u0119dzie si\u0119 13 kwietnia 2026 roku o godzinie 10:00. Szczeg\u00f3\u0142y dotycz\u0105ce udzia\u0142u oraz transmisji dost\u0119pne s\u0105 pod wskazanym linkiem -> <a href=\"https:\/\/tiny.pl\/1b91gk94b\">https:\/\/tiny.pl\/1b91gk94b<\/a><\/p>\n\n\n\n<p>Udzia\u0142 w wydarzeniu to szansa na zdobycie praktycznej wiedzy oraz impuls do dalszego rozwoju dzia\u0142alno\u015bci na rynkach mi\u0119dzynarodowych.<\/p>\n\n\n\n<p>M\u0141<\/p>\n","protected":false},"excerpt":{"rendered":"<p>Czy udzia\u0142 w zagranicznych targach, wydarzeniach EXPO czy mi\u0119dzynarodowych spotkaniach biznesowych jest zarezerwowany tylko dla najwi\u0119kszych firm? Coraz wi\u0119cej inicjatyw [&#8230;]<\/p>\n<p><a class=\"btn btn-secondary understrap-read-more-link\" href=\"https:\/\/uniejow.pl\/ucop\/aktualnosci\/webinarium-twoj-biznes-swiatowa-marka\/\">Czytaj dalej\u2026<span class=\"screen-reader-text\"> from Webinarium Tw\u00f3j biznes &#8211; \u015bwiatowa marka<\/span><\/a><\/p>\n","protected":false},"author":5,"featured_media":2927,"comment_status":"closed","ping_status":"closed","sticky":false,"template":"","format":"standard","meta":{"_acf_changed":false,"footnotes":""},"categories":[4],"tags":[],"class_list":["post-2926","post","type-post","status-publish","format-standard","has-post-thumbnail","hentry","category-aktualnosci"],"acf":[],"_links":{"self":[{"href":"https:\/\/uniejow.pl\/ucop\/wp-json\/wp\/v2\/posts\/2926","targetHints":{"allow":["GET"]}}],"collection":[{"href":"https:\/\/uniejow.pl\/ucop\/wp-json\/wp\/v2\/posts"}],"about":[{"href":"https:\/\/uniejow.pl\/ucop\/wp-json\/wp\/v2\/types\/post"}],"author":[{"embeddable":true,"href":"https:\/\/uniejow.pl\/ucop\/wp-json\/wp\/v2\/users\/5"}],"replies":[{"embeddable":true,"href":"https:\/\/uniejow.pl\/ucop\/wp-json\/wp\/v2\/comments?post=2926"}],"version-history":[{"count":1,"href":"https:\/\/uniejow.pl\/ucop\/wp-json\/wp\/v2\/posts\/2926\/revisions"}],"predecessor-version":[{"id":2928,"href":"https:\/\/uniejow.pl\/ucop\/wp-json\/wp\/v2\/posts\/2926\/revisions\/2928"}],"wp:featuredmedia":[{"embeddable":true,"href":"https:\/\/uniejow.pl\/ucop\/wp-json\/wp\/v2\/media\/2927"}],"wp:attachment":[{"href":"https:\/\/uniejow.pl\/ucop\/wp-json\/wp\/v2\/media?parent=2926"}],"wp:term":[{"taxonomy":"category","embeddable":true,"href":"https:\/\/uniejow.pl\/ucop\/wp-json\/wp\/v2\/categories?post=2926"},{"taxonomy":"post_tag","embeddable":true,"href":"https:\/\/uniejow.pl\/ucop\/wp-json\/wp\/v2\/tags?post=2926"}],"curies":[{"name":"wp","href":"https:\/\/api.w.org\/{rel}","templated":true}]}}