{"id":2945,"date":"2026-04-15T14:18:57","date_gmt":"2026-04-15T13:18:57","guid":{"rendered":"https:\/\/uniejow.pl\/ucop\/?p=2945"},"modified":"2026-04-15T14:35:42","modified_gmt":"2026-04-15T13:35:42","slug":"spotkanie-biznes-jutra-prawno-podatkowa-strategia-twojej-firmy","status":"publish","type":"post","link":"https:\/\/uniejow.pl\/ucop\/aktualnosci\/spotkanie-biznes-jutra-prawno-podatkowa-strategia-twojej-firmy\/","title":{"rendered":"Spotkanie &#8211; Biznes Jutra: prawno-podatkowa strategia Twojej firmy"},"content":{"rendered":"\n<p><\/p>\n\n\n\n<p>Ju\u017c 27 kwietnia 2026 r. przedsi\u0119biorcy z sektora M\u015aP z wojew\u00f3dztwa \u0142\u00f3dzkiego b\u0119d\u0105 mieli okazj\u0119 wzi\u0105\u0107 udzia\u0142 w wyj\u0105tkowym wydarzeniu pn. <strong>\u201eBiznes Jutra: prawno-podatkowa strategia Twojej firmy\u201d<\/strong>. Spotkanie odb\u0119dzie si\u0119 w Hotelu Podklasztorze w Sulejowie i b\u0119dzie doskona\u0142\u0105 okazj\u0105 do zdobycia praktycznej wiedzy oraz przygotowania firmy na nadchodz\u0105ce zmiany legislacyjne.<\/p>\n\n\n\n<p>To nie jest kolejna konferencja oparta wy\u0142\u0105cznie na teorii. Wydarzenie ma charakter warsztatowy i zosta\u0142o zaprojektowane z my\u015bl\u0105 o realnych potrzebach przedsi\u0119biorc\u00f3w. Eksperci Maria\u0144ski Group prze\u0142o\u017c\u0105 skomplikowane przepisy na konkretne rozwi\u0105zania, kt\u00f3re mo\u017cna wdro\u017cy\u0107 w firmie niemal od razu.<\/p>\n\n\n\n<h3 class=\"wp-block-heading\">Co zyskaj\u0105 uczestnicy?<\/h3>\n\n\n\n<p>Podczas spotkania uczestnicy poznaj\u0105 odpowiedzi na kluczowe pytania zwi\u0105zane z bezpiecze\u0144stwem i rozwojem biznesu:<\/p>\n\n\n\n<ul class=\"wp-block-list\">\n<li><strong>Jak zbudowa\u0107 \u201epodatkowy pancerz\u201d firmy?<\/strong><br>Uczestnicy dowiedz\u0105 si\u0119, jak wdro\u017cenie KSeF i JPK_CIT wp\u0142ynie na codzienne funkcjonowanie przedsi\u0119biorstw od 2026 roku oraz jak przygotowa\u0107 si\u0119 na cyfrowe kontrole.<\/li>\n\n\n\n<li><strong>Jak skutecznie chroni\u0107 maj\u0105tek prywatny i firmowy?<\/strong><br>Om\u00f3wione zostan\u0105 r\u00f3\u017cnice pomi\u0119dzy CIT-em esto\u0144skim a sp\u00f3\u0142k\u0105 komandytow\u0105 oraz mo\u017cliwo\u015bci wykorzystania fundacji rodzinnej.<\/li>\n\n\n\n<li><strong>Jak zamieni\u0107 ryzyko w przewag\u0119 konkurencyjn\u0105?<\/strong><br>Eksperci poka\u017c\u0105, jak wdro\u017cy\u0107 procedury compliance oraz defence file, kt\u00f3re mog\u0105 stanowi\u0107 realn\u0105 ochron\u0119 przed sankcjami i odpowiedzialno\u015bci\u0105 karno-skarbow\u0105.<\/li>\n<\/ul>\n\n\n\n<h3 class=\"wp-block-heading\">Dlaczego warto wzi\u0105\u0107 udzia\u0142?<\/h3>\n\n\n\n<p>Uczestnicy wydarzenia otrzymaj\u0105 praktyczn\u0105 map\u0119 drogow\u0105 zmian na lata 2026\u20132027, kt\u00f3ra pomo\u017ce nie tylko zabezpieczy\u0107 firm\u0119, ale r\u00f3wnie\u017c wykorzysta\u0107 dost\u0119pne narz\u0119dzia \u2013 takie jak ulgi B+R czy IP BOX \u2013 do jej dynamicznego rozwoju.<\/p>\n\n\n\n<h3 class=\"wp-block-heading\">Informacje organizacyjne<\/h3>\n\n\n\n<ul class=\"wp-block-list\">\n<li><strong>Termin:<\/strong> 27 kwietnia 2026 r.<\/li>\n\n\n\n<li><strong>Godziny:<\/strong> 9:00 \u2013 15:30<\/li>\n\n\n\n<li><strong>Miejsce:<\/strong> Hotel Podklasztorze, Sulej\u00f3w<\/li>\n\n\n\n<li><strong>Udzia\u0142:<\/strong> bezp\u0142atny<\/li>\n\n\n\n<li><strong>Uwaga:<\/strong> liczba miejsc jest ograniczona<\/li>\n<\/ul>\n\n\n\n<h3 class=\"wp-block-heading\">Program wydarzenia<\/h3>\n\n\n\n<p><strong>9:00 \u2013 9:45<\/strong> \u2013 Rejestracja i poranny networking<br><strong>9:45 \u2013 10:00<\/strong> \u2013 Otwarcie wydarzenia<\/p>\n\n\n\n<p><strong>10:00 \u2013 10:40<\/strong> \u201eTarcza dla przedsi\u0119biorcy: jak skutecznie chroni\u0107 maj\u0105tek, wdro\u017cy\u0107 compliance i restrukturyzowa\u0107 firm\u0119\u201d \u2013 adw. Agata Kotwica-Stefa\u0144ska (Q&amp;A)<\/p>\n\n\n\n<p><strong>10:40 \u2013 11:20<\/strong> \u201eOdporno\u015b\u0107 prawno-podatkowa M\u015aP: mapa drogowa zmian legislacyjnych i operacyjnych na lata 2026\u20132027\u201d \u2013 r. pr. Dawid Tomaszewski (Q&amp;A)<\/p>\n\n\n\n<p><strong>11:20 \u2013 11:30<\/strong> \u2013 Aktywno\u015b\u0107 probiznesowa<br><strong>11:30 \u2013 11:45<\/strong> \u2013 Przerwa kawowa<br><strong>11:45 \u2013 11:55<\/strong> \u2013 Aktywno\u015b\u0107 probiznesowa<\/p>\n\n\n\n<p><strong>11:55 \u2013 12:35<\/strong> \u201ePodatkowa ofensywa: jak stworzy\u0107 strategi\u0119 podatkow\u0105, kt\u00f3ra chroni i rozwija Twoj\u0105 firm\u0119\u201d \u2013                                      r. pr. Monika Wolska-Bry\u0144ska (Q&amp;A)<\/p>\n\n\n\n<p><strong>12:35 \u2013 13:00<\/strong> \u2013 Przerwa kawowa i zapisy na konsultacje indywidualne<\/p>\n\n\n\n<p><strong>13:00 \u2013 14:30<\/strong> \u2013 Warsztaty tematyczne:<\/p>\n\n\n\n<ul class=\"wp-block-list\">\n<li>Tarcza dla przedsi\u0119biorcy \u2013 adw. Agata Kotwica-Stefa\u0144ska<\/li>\n\n\n\n<li>Odporno\u015b\u0107 prawno-podatkowa M\u015aP \u2013 r. pr. Dawid Tomaszewski<\/li>\n\n\n\n<li>Podatkowa ofensywa \u2013 r. pr. Monika Wolska-Bry\u0144ska<\/li>\n<\/ul>\n\n\n\n<p><strong>14:30 \u2013 15:30<\/strong> \u2013 Lunch i zako\u0144czenie wydarzenia<\/p>\n\n\n\n<p><\/p>\n\n\n\n<p><a href=\"https:\/\/elodzkie.pl\/formularz\/biznes-jutra-prawno-podatkowa-strategia-twojej-firmy?fbclid=IwZXh0bgNhZW0CMTAAYnJpZBEwR0JZV20weUo1N0luU2U3UXNydGMGYXBwX2lkEDIyMjAzOTE3ODgyMDA4OTIAAR6nUtY5idI0Pco_lBBnWosJf36beHG88XRLsBwM-J4Bh7UGVONOEmAKOnogjQ_aem_eBs-dlU2S9IykT6KR7WEXg\">Formularz rejestracyjny<\/a><\/p>\n\n\n\n<p><\/p>\n\n\n\n<p><\/p>\n\n\n\n<p>M\u0141<\/p>\n\n\n\n<p><\/p>\n","protected":false},"excerpt":{"rendered":"<p>Ju\u017c 27 kwietnia 2026 r. przedsi\u0119biorcy z sektora M\u015aP z wojew\u00f3dztwa \u0142\u00f3dzkiego b\u0119d\u0105 mieli okazj\u0119 wzi\u0105\u0107 udzia\u0142 w wyj\u0105tkowym wydarzeniu [&#8230;]<\/p>\n<p><a class=\"btn btn-secondary understrap-read-more-link\" href=\"https:\/\/uniejow.pl\/ucop\/aktualnosci\/spotkanie-biznes-jutra-prawno-podatkowa-strategia-twojej-firmy\/\">Czytaj dalej\u2026<span class=\"screen-reader-text\"> from Spotkanie &#8211; Biznes Jutra: prawno-podatkowa strategia Twojej firmy<\/span><\/a><\/p>\n","protected":false},"author":5,"featured_media":2946,"comment_status":"closed","ping_status":"closed","sticky":false,"template":"","format":"standard","meta":{"_acf_changed":false,"footnotes":""},"categories":[4],"tags":[],"class_list":["post-2945","post","type-post","status-publish","format-standard","has-post-thumbnail","hentry","category-aktualnosci"],"acf":[],"_links":{"self":[{"href":"https:\/\/uniejow.pl\/ucop\/wp-json\/wp\/v2\/posts\/2945","targetHints":{"allow":["GET"]}}],"collection":[{"href":"https:\/\/uniejow.pl\/ucop\/wp-json\/wp\/v2\/posts"}],"about":[{"href":"https:\/\/uniejow.pl\/ucop\/wp-json\/wp\/v2\/types\/post"}],"author":[{"embeddable":true,"href":"https:\/\/uniejow.pl\/ucop\/wp-json\/wp\/v2\/users\/5"}],"replies":[{"embeddable":true,"href":"https:\/\/uniejow.pl\/ucop\/wp-json\/wp\/v2\/comments?post=2945"}],"version-history":[{"count":1,"href":"https:\/\/uniejow.pl\/ucop\/wp-json\/wp\/v2\/posts\/2945\/revisions"}],"predecessor-version":[{"id":2947,"href":"https:\/\/uniejow.pl\/ucop\/wp-json\/wp\/v2\/posts\/2945\/revisions\/2947"}],"wp:featuredmedia":[{"embeddable":true,"href":"https:\/\/uniejow.pl\/ucop\/wp-json\/wp\/v2\/media\/2946"}],"wp:attachment":[{"href":"https:\/\/uniejow.pl\/ucop\/wp-json\/wp\/v2\/media?parent=2945"}],"wp:term":[{"taxonomy":"category","embeddable":true,"href":"https:\/\/uniejow.pl\/ucop\/wp-json\/wp\/v2\/categories?post=2945"},{"taxonomy":"post_tag","embeddable":true,"href":"https:\/\/uniejow.pl\/ucop\/wp-json\/wp\/v2\/tags?post=2945"}],"curies":[{"name":"wp","href":"https:\/\/api.w.org\/{rel}","templated":true}]}}