{"id":2983,"date":"2026-04-16T13:39:50","date_gmt":"2026-04-16T12:39:50","guid":{"rendered":"https:\/\/uniejow.pl\/ucop\/?p=2983"},"modified":"2026-04-16T13:39:51","modified_gmt":"2026-04-16T12:39:51","slug":"zapraszamy-na-dzien-z-ekspertem-w-skyhub","status":"publish","type":"post","link":"https:\/\/uniejow.pl\/ucop\/aktualnosci\/zapraszamy-na-dzien-z-ekspertem-w-skyhub\/","title":{"rendered":"Zapraszamy na \u201eDzie\u0144 z Ekspertem\u201d w SkyHUB"},"content":{"rendered":"\n<p><\/p>\n\n\n\n<p>Ju\u017c 24 kwietnia w przestrzeni SkyHUB w \u0141odzi odb\u0119dzie si\u0119 wyj\u0105tkowe spotkanie dla wszystkich os\u00f3b zainteresowanych przedsi\u0119biorczo\u015bci\u0105, rozwojem startup\u00f3w oraz praktycznym podej\u015bciem do budowania biznesu.<\/p>\n\n\n\n<p>Go\u015bciem wydarzenia b\u0119dzie Lech Kaniuk \u2013 do\u015bwiadczony przedsi\u0119biorca, kt\u00f3ry stoi za sukcesem takich projekt\u00f3w jak PizzaPortal, iTaxi czy SunRoof.<\/p>\n\n\n\n<p>To wydarzenie wyr\u00f3\u017cnia si\u0119 na tle typowych spotka\u0144 biznesowych. Nie b\u0119dzie to motywacyjna prelekcja pe\u0142na og\u00f3lnik\u00f3w, lecz konkretna rozmowa z praktykiem, kt\u00f3ry od lat buduje i skaluje firmy \u2013 zar\u00f3wno na rynku krajowym, jak i mi\u0119dzynarodowym. Uczestnicy b\u0119d\u0105 mieli okazj\u0119 pozna\u0107 realne do\u015bwiadczenia, sprawdzone strategie oraz wyzwania, z jakimi mierzy si\u0119 przedsi\u0119biorca na r\u00f3\u017cnych etapach rozwoju biznesu.<\/p>\n\n\n\n<p>Do udzia\u0142u szczeg\u00f3lnie zach\u0119camy osoby, kt\u00f3re:<\/p>\n\n\n\n<ul class=\"wp-block-list\">\n<li>rozwa\u017caj\u0105 rozpocz\u0119cie w\u0142asnej dzia\u0142alno\u015bci,<\/li>\n\n\n\n<li>rozwijaj\u0105 startup i poszukuj\u0105 praktycznych wskaz\u00f3wek,<\/li>\n\n\n\n<li>chc\u0105 skonfrontowa\u0107 swoje pomys\u0142y z do\u015bwiadczeniem eksperta.<\/li>\n<\/ul>\n\n\n\n<p>\u201eDzie\u0144 z Ekspertem\u201d to r\u00f3wnie\u017c przestrze\u0144 do zadawania pyta\u0144, wymiany do\u015bwiadcze\u0144 oraz nawi\u0105zywania warto\u015bciowych kontakt\u00f3w.<\/p>\n\n\n\n<p><strong>Data:<\/strong> 24 kwietnia<br><strong>Godzina:<\/strong> 9:00\u201314:00<br><strong>Lokalizacja:<\/strong> ul. Narutowicza 34, \u0141\u00f3d\u017a, budynek \u0141\u00f3dzkiej Agencji Rozwoju Regionalnego<\/p>\n\n\n\n<p>Udzia\u0142 w wydarzeniu to szansa na zdobycie wiedzy opartej na praktyce oraz spojrzenie na w\u0142asne pomys\u0142y z nowej perspektywy.<\/p>\n\n\n\n<p><a href=\"https:\/\/elodzkie.pl\/formularz\/inauguracja-skyhub-hub-innowacji-wojewodztwa-lodzkiego-24-04-2026-godz-14-30?fbclid=IwZXh0bgNhZW0CMTAAYnJpZBEwR0JZV20weUo1N0luU2U3UXNydGMGYXBwX2lkEDIyMjAzOTE3ODgyMDA4OTIAAR6jDGRMsUmnwpZHsFuMwtdjVOtvEctiLSV_RQkCrRK_LDoTSwT12_bevmuaDw_aem_tstjeQm3OfCIeNkn3wb_hw\">Formularz zg\u0142oszeniowy<\/a> <\/p>\n\n\n\n<p><\/p>\n\n\n\n<p>M\u0141<\/p>\n","protected":false},"excerpt":{"rendered":"<p>Ju\u017c 24 kwietnia w przestrzeni SkyHUB w \u0141odzi odb\u0119dzie si\u0119 wyj\u0105tkowe spotkanie dla wszystkich os\u00f3b zainteresowanych przedsi\u0119biorczo\u015bci\u0105, rozwojem startup\u00f3w oraz [&#8230;]<\/p>\n<p><a class=\"btn btn-secondary understrap-read-more-link\" href=\"https:\/\/uniejow.pl\/ucop\/aktualnosci\/zapraszamy-na-dzien-z-ekspertem-w-skyhub\/\">Czytaj dalej\u2026<span class=\"screen-reader-text\"> from Zapraszamy na \u201eDzie\u0144 z Ekspertem\u201d w SkyHUB<\/span><\/a><\/p>\n","protected":false},"author":5,"featured_media":2984,"comment_status":"closed","ping_status":"closed","sticky":false,"template":"","format":"standard","meta":{"_acf_changed":false,"footnotes":""},"categories":[4],"tags":[],"class_list":["post-2983","post","type-post","status-publish","format-standard","has-post-thumbnail","hentry","category-aktualnosci"],"acf":[],"_links":{"self":[{"href":"https:\/\/uniejow.pl\/ucop\/wp-json\/wp\/v2\/posts\/2983","targetHints":{"allow":["GET"]}}],"collection":[{"href":"https:\/\/uniejow.pl\/ucop\/wp-json\/wp\/v2\/posts"}],"about":[{"href":"https:\/\/uniejow.pl\/ucop\/wp-json\/wp\/v2\/types\/post"}],"author":[{"embeddable":true,"href":"https:\/\/uniejow.pl\/ucop\/wp-json\/wp\/v2\/users\/5"}],"replies":[{"embeddable":true,"href":"https:\/\/uniejow.pl\/ucop\/wp-json\/wp\/v2\/comments?post=2983"}],"version-history":[{"count":2,"href":"https:\/\/uniejow.pl\/ucop\/wp-json\/wp\/v2\/posts\/2983\/revisions"}],"predecessor-version":[{"id":2986,"href":"https:\/\/uniejow.pl\/ucop\/wp-json\/wp\/v2\/posts\/2983\/revisions\/2986"}],"wp:featuredmedia":[{"embeddable":true,"href":"https:\/\/uniejow.pl\/ucop\/wp-json\/wp\/v2\/media\/2984"}],"wp:attachment":[{"href":"https:\/\/uniejow.pl\/ucop\/wp-json\/wp\/v2\/media?parent=2983"}],"wp:term":[{"taxonomy":"category","embeddable":true,"href":"https:\/\/uniejow.pl\/ucop\/wp-json\/wp\/v2\/categories?post=2983"},{"taxonomy":"post_tag","embeddable":true,"href":"https:\/\/uniejow.pl\/ucop\/wp-json\/wp\/v2\/tags?post=2983"}],"curies":[{"name":"wp","href":"https:\/\/api.w.org\/{rel}","templated":true}]}}