{"id":3001,"date":"2026-04-23T13:56:07","date_gmt":"2026-04-23T12:56:07","guid":{"rendered":"https:\/\/uniejow.pl\/ucop\/?p=3001"},"modified":"2026-04-23T14:00:25","modified_gmt":"2026-04-23T13:00:25","slug":"nabor-dla-msp-na-miedzynarodowe-targi-spozywcze-w-paryzu","status":"publish","type":"post","link":"https:\/\/uniejow.pl\/ucop\/aktualnosci\/nabor-dla-msp-na-miedzynarodowe-targi-spozywcze-w-paryzu\/","title":{"rendered":"Nab\u00f3r dla M\u015aP na mi\u0119dzynarodowe targi spo\u017cywcze w Pary\u017cu"},"content":{"rendered":"\n<p><\/p>\n\n\n\n<p><\/p>\n\n\n\n<p>Wojew\u00f3dztwo \u0141\u00f3dzkie zaprasza przedsi\u0119biorc\u00f3w z sektora ma\u0142ych i \u015brednich przedsi\u0119biorstw do udzia\u0142u w jednych z najwa\u017cniejszych targ\u00f3w bran\u017cy spo\u017cywczej na \u015bwiecie. To wyj\u0105tkowa okazja do zaprezentowania swojej oferty na arenie mi\u0119dzynarodowej oraz nawi\u0105zania warto\u015bciowych kontakt\u00f3w biznesowych z zagranicznymi kontrahentami.<\/p>\n\n\n\n<p>Udzia\u0142 w wydarzeniu stanowi realne wsparcie dla firm planuj\u0105cych rozw\u00f3j eksportu, przy jednoczesnym ograniczeniu koszt\u00f3w w\u0142asnych. Dzi\u0119ki dofinansowaniu w ramach pomocy de minimis uczestnicy mog\u0105 skorzysta\u0107 z szerokiego pakietu \u015bwiadcze\u0144, obejmuj\u0105cego:<\/p>\n\n\n\n<ul class=\"wp-block-list\">\n<li>udzia\u0142 w spotkaniu przygotowuj\u0105cym do targ\u00f3w,<\/li>\n\n\n\n<li>wynajem oraz profesjonaln\u0105 zabudow\u0119 stoiska wystawienniczego,<\/li>\n\n\n\n<li>przeloty i zakwaterowanie dla maksymalnie dw\u00f3ch przedstawicieli firmy,<\/li>\n\n\n\n<li>transport produkt\u00f3w o wadze do 130 kg na trasie \u0141\u00f3d\u017a \u2013 Pary\u017c \u2013 \u0141\u00f3d\u017a,<\/li>\n\n\n\n<li>wej\u015bci\u00f3wki targowe oraz wsparcie t\u0142umacza.<\/li>\n<\/ul>\n\n\n\n<p><strong>Szczeg\u00f3\u0142y wydarzenia:<\/strong><br>Miejsce: Pary\u017c, Francja<br>Termin: 17\u201321 pa\u017adziernika 2026 r.<br>Liczba dost\u0119pnych miejsc: 6 firm z wojew\u00f3dztwa \u0142\u00f3dzkiego<\/p>\n\n\n\n<p><strong>Rekrutacja:<\/strong><br>Zg\u0142oszenia przyjmowane s\u0105 do dnia 4 maja 2026 r. do godziny 12:00.<\/p>\n\n\n\n<p>Szczeg\u00f3\u0142owe informacje dotycz\u0105ce naboru, a tak\u017ce niezb\u0119dne dokumenty aplikacyjne dost\u0119pne s\u0105 na stronie:<br><a href=\"https:\/\/biznes.lodzkie.pl\/rekrutacja-na-targi-spozywcze...\/\">https:\/\/biznes.lodzkie.pl\/rekrutacja-na-targi-spozywcze&#8230;\/<\/a><\/p>\n\n\n\n<p>Wyjazd organizowany jest w ramach projektu \u201eInterEuropa\u201d, wsp\u00f3\u0142finansowanego z programu Fundusze Europejskie dla \u0141\u00f3dzkiego 2021\u20132027.<\/p>\n\n\n\n<p>Zach\u0119camy przedsi\u0119biorc\u00f3w do skorzystania z tej mo\u017cliwo\u015bci i wzmocnienia swojej pozycji na rynkach mi\u0119dzynarodowych.<\/p>\n\n\n\n<p><\/p>\n\n\n\n<p>M\u0141<\/p>\n","protected":false},"excerpt":{"rendered":"<p>Wojew\u00f3dztwo \u0141\u00f3dzkie zaprasza przedsi\u0119biorc\u00f3w z sektora ma\u0142ych i \u015brednich przedsi\u0119biorstw do udzia\u0142u w jednych z najwa\u017cniejszych targ\u00f3w bran\u017cy spo\u017cywczej na [&#8230;]<\/p>\n<p><a class=\"btn btn-secondary understrap-read-more-link\" href=\"https:\/\/uniejow.pl\/ucop\/aktualnosci\/nabor-dla-msp-na-miedzynarodowe-targi-spozywcze-w-paryzu\/\">Czytaj dalej\u2026<span class=\"screen-reader-text\"> from Nab\u00f3r dla M\u015aP na mi\u0119dzynarodowe targi spo\u017cywcze w Pary\u017cu<\/span><\/a><\/p>\n","protected":false},"author":5,"featured_media":3002,"comment_status":"closed","ping_status":"closed","sticky":false,"template":"","format":"standard","meta":{"_acf_changed":false,"footnotes":""},"categories":[4],"tags":[],"class_list":["post-3001","post","type-post","status-publish","format-standard","has-post-thumbnail","hentry","category-aktualnosci"],"acf":[],"_links":{"self":[{"href":"https:\/\/uniejow.pl\/ucop\/wp-json\/wp\/v2\/posts\/3001","targetHints":{"allow":["GET"]}}],"collection":[{"href":"https:\/\/uniejow.pl\/ucop\/wp-json\/wp\/v2\/posts"}],"about":[{"href":"https:\/\/uniejow.pl\/ucop\/wp-json\/wp\/v2\/types\/post"}],"author":[{"embeddable":true,"href":"https:\/\/uniejow.pl\/ucop\/wp-json\/wp\/v2\/users\/5"}],"replies":[{"embeddable":true,"href":"https:\/\/uniejow.pl\/ucop\/wp-json\/wp\/v2\/comments?post=3001"}],"version-history":[{"count":1,"href":"https:\/\/uniejow.pl\/ucop\/wp-json\/wp\/v2\/posts\/3001\/revisions"}],"predecessor-version":[{"id":3003,"href":"https:\/\/uniejow.pl\/ucop\/wp-json\/wp\/v2\/posts\/3001\/revisions\/3003"}],"wp:featuredmedia":[{"embeddable":true,"href":"https:\/\/uniejow.pl\/ucop\/wp-json\/wp\/v2\/media\/3002"}],"wp:attachment":[{"href":"https:\/\/uniejow.pl\/ucop\/wp-json\/wp\/v2\/media?parent=3001"}],"wp:term":[{"taxonomy":"category","embeddable":true,"href":"https:\/\/uniejow.pl\/ucop\/wp-json\/wp\/v2\/categories?post=3001"},{"taxonomy":"post_tag","embeddable":true,"href":"https:\/\/uniejow.pl\/ucop\/wp-json\/wp\/v2\/tags?post=3001"}],"curies":[{"name":"wp","href":"https:\/\/api.w.org\/{rel}","templated":true}]}}