{"id":493,"date":"2024-12-17T11:14:48","date_gmt":"2024-12-17T10:14:48","guid":{"rendered":"https:\/\/uniejow.pl\/ucop\/?p=493"},"modified":"2025-01-27T08:46:48","modified_gmt":"2025-01-27T07:46:48","slug":"umiedzynarodowienie-msp-brand-hub","status":"publish","type":"post","link":"https:\/\/uniejow.pl\/ucop\/aktualnosci\/umiedzynarodowienie-msp-brand-hub\/","title":{"rendered":"Umi\u0119dzynarodowienie M\u015aP &#8211; Brand HUB"},"content":{"rendered":"\n<p>\u201e\u201eUmi\u0119dzynarodowienie M\u015aP \u2013 Brand Hub\u201d to projekt realizowany przez Ministerstwo Rozwoju i Technologii na lata 2024-2029, kt\u00f3ry dofinansowany jest w ramach Programu \u201eFundusze Europejskie dla Nowoczesnej Gospodarki 2021 -2027\u201d,&nbsp; Priorytet&nbsp; FENG.02 \u015arodowisko sprzyjaj\u0105ce innowacjom, dzia\u0142anie FENG.02.26.<\/p>\n\n\n\n<p><strong>Partnerami Projektu s\u0105: <\/strong>Polska Agencja Rozwoju Przedsi\u0119biorczo\u015bci<strong>, <\/strong>Polska Agencja Inwestycji i Handlu S.A.<strong>, <\/strong>Polska Agencja Kosmiczna<strong>, <\/strong>Krajowy O\u015brodek Wsparcia Rolnictwa, a warto\u015b\u0107 dofinansowania to 182.000.000,00 z\u0142.<\/p>\n\n\n\n<p>Celem projektu jest zwi\u0119kszenie potencja\u0142u rozwojowego polskich M\u015aP oraz wzrost wolumenu eksportu poprzez ich udzia\u0142 w dzia\u0142aniach promocyjnych na rynkach zagranicznych.<\/p>\n\n\n\n<p><strong>W ramach projektu planuje si\u0119 <\/strong>realizacj\u0119 15 sektorowych program\u00f3w promocji w latach 2024-2029. Programy promocji realizowane b\u0119d\u0105 na arenie mi\u0119dzynarodowej dla kluczowych sektor\u00f3w polskiej gospodarki, tj. posiadaj\u0105cych wysoki potencja\u0142 eksportowy oraz innowacyjny, a tak\u017ce wpisuj\u0105cych si\u0119 w obszary wsparcia powi\u0105zane z KIS, stanowi\u0105cymi przewagi konkurencyjne kraju. Ponadto zaprezentowany zostanie potencja\u0142 eksportowy Polski i polskiej gospodarki podczas du\u017cych przedsi\u0119wzi\u0119\u0107 promocyjnych przy zaanga\u017cowaniu M\u015aP, samorz\u0105d\u00f3w bran\u017cowych, administracji publicznej. Zapewnione zostan\u0105 narz\u0119dzia wsparcia rozwoju eksportu cyfrowego w\u015br\u00f3d polskich M\u015aP.<\/p>\n\n\n\n<p>Planowane w projekcie dzia\u0142ania promocyjne maj\u0105 za zadanie:<\/p>\n\n\n\n<ul class=\"wp-block-list\">\n<li>aktywizacj\u0119 M\u015aP do rozwini\u0119cia lub dywersyfikacji dzia\u0142alno\u015bci eksportowej na rynki zagraniczne, w tym o wysokim potencjalne importowym,<\/li>\n\n\n\n<li>rozw\u00f3j i promocj\u0119 potencja\u0142u innowacyjnego i eksportowego M\u015aP,<\/li>\n\n\n\n<li>umocnienie rozpoznawalno\u015bci Polski (Marki Polskiej Gospodarki-MPG) oraz polskich M\u015aP i ich produkt\u00f3w\/us\u0142ug na rynkach zagranicznych,<\/li>\n\n\n\n<li>zwi\u0119kszenie liczby przedsi\u0119biorstw posiadaj\u0105cych kompetencje i uczestnicz\u0105cych w transformacji cyfrowej w obszarze eksportu,<\/li>\n\n\n\n<li>zwi\u0119kszenie poziomu eksportu M\u015aP posiadaj\u0105cych w swojej ofercie innowacyjne produkty i us\u0142ugi.<\/li>\n<\/ul>\n\n\n\n<p>Sektory o wysokim potencjale eksportowym i innowacyjnym obj\u0119te wsparciem w ramach projektu to m.in:<\/p>\n\n\n\n<ol start=\"1\" class=\"wp-block-list\">\n<li>sektor medyczny i farmaceutyczny<\/li>\n\n\n\n<li>sektor kosmetyczny<\/li>\n\n\n\n<li>sektor maszyn i urz\u0105dze\u0144<\/li>\n\n\n\n<li>sektor spo\u017cywczy<\/li>\n\n\n\n<li>sektor zielonych technologii<\/li>\n<\/ol>\n\n\n\n<p>Wybrane sektory posiadaj\u0105 wysoki potencja\u0142 eksportowy oraz innowacyjny, a tak\u017ce wpisuj\u0105 si\u0119 w obszary wsparcia powi\u0105zane z KIS.<br>Dla tych sektor\u00f3w opracowane zosta\u0142y programy promocji na lata 2024-2029. Programy promocji obejmuj\u0105 m.in. organizacj\u0119 stoisk narodowych na najwa\u017cniejszych wydarzeniach targowych na \u015bwiecie, realizacj\u0119 kampanii promocyjnych i misji gospodarczych.<\/p>\n\n\n\n<p>Stoiska narodowe b\u0119d\u0105 realizowane na najwa\u017cniejszych wydarzeniach targowych, kt\u00f3re udost\u0119pnili\u015bmy w podziale na bran\u017ce <a href=\"https:\/\/uniejow.pl\/ucop\/wydarzenia-promocyjne-z-branzy-rolno-spozywczej\/\">TUTAJ. <\/a>&nbsp;<\/p>\n\n\n\n<p>Je\u015bli jeste\u015b zainteresowany udzia\u0142em w dzia\u0142aniach realizowanych w ramach projektu, skontaktuj si\u0119 z nami \u2013 zgromadzimy dla ciebie wi\u0119cej informacji i pomo\u017cemy w za\u0142atwieniu formalno\u015bci.<\/p>\n\n\n\n<p>(\u017ar\u00f3d\u0142o: <a href=\"https:\/\/www.gov.pl\/web\/rozwoj-technologia\/umiedzynarodowienie-msp--brand-hub\">https:\/\/www.gov.pl\/web\/rozwoj-technologia\/umiedzynarodowienie-msp&#8211;brand-hub<\/a>)<\/p>\n\n\n\n<figure class=\"wp-block-image size-full\"><img loading=\"lazy\" decoding=\"async\" width=\"605\" height=\"40\" src=\"https:\/\/uniejow.pl\/ucop\/wp-content\/uploads\/2024\/12\/FENG-logotypy-ciag.png\" alt=\"\" class=\"wp-image-494\" srcset=\"https:\/\/uniejow.pl\/ucop\/wp-content\/uploads\/2024\/12\/FENG-logotypy-ciag.png 605w, https:\/\/uniejow.pl\/ucop\/wp-content\/uploads\/2024\/12\/FENG-logotypy-ciag-300x20.png 300w\" sizes=\"auto, (max-width: 605px) 100vw, 605px\" \/><\/figure>\n\n\n\n<p><\/p>\n\n\n\n<p><\/p>\n\n\n\n<p>AS<\/p>\n","protected":false},"excerpt":{"rendered":"<p>\u201e\u201eUmi\u0119dzynarodowienie M\u015aP \u2013 Brand Hub\u201d to projekt realizowany przez Ministerstwo Rozwoju i Technologii na lata 2024-2029, kt\u00f3ry dofinansowany jest w [&#8230;]<\/p>\n<p><a class=\"btn btn-secondary understrap-read-more-link\" href=\"https:\/\/uniejow.pl\/ucop\/aktualnosci\/umiedzynarodowienie-msp-brand-hub\/\">Czytaj dalej\u2026<span class=\"screen-reader-text\"> from Umi\u0119dzynarodowienie M\u015aP &#8211; Brand HUB<\/span><\/a><\/p>\n","protected":false},"author":2,"featured_media":501,"comment_status":"closed","ping_status":"closed","sticky":false,"template":"","format":"standard","meta":{"_acf_changed":false,"footnotes":""},"categories":[4],"tags":[],"class_list":["post-493","post","type-post","status-publish","format-standard","has-post-thumbnail","hentry","category-aktualnosci"],"acf":[],"_links":{"self":[{"href":"https:\/\/uniejow.pl\/ucop\/wp-json\/wp\/v2\/posts\/493","targetHints":{"allow":["GET"]}}],"collection":[{"href":"https:\/\/uniejow.pl\/ucop\/wp-json\/wp\/v2\/posts"}],"about":[{"href":"https:\/\/uniejow.pl\/ucop\/wp-json\/wp\/v2\/types\/post"}],"author":[{"embeddable":true,"href":"https:\/\/uniejow.pl\/ucop\/wp-json\/wp\/v2\/users\/2"}],"replies":[{"embeddable":true,"href":"https:\/\/uniejow.pl\/ucop\/wp-json\/wp\/v2\/comments?post=493"}],"version-history":[{"count":3,"href":"https:\/\/uniejow.pl\/ucop\/wp-json\/wp\/v2\/posts\/493\/revisions"}],"predecessor-version":[{"id":693,"href":"https:\/\/uniejow.pl\/ucop\/wp-json\/wp\/v2\/posts\/493\/revisions\/693"}],"wp:featuredmedia":[{"embeddable":true,"href":"https:\/\/uniejow.pl\/ucop\/wp-json\/wp\/v2\/media\/501"}],"wp:attachment":[{"href":"https:\/\/uniejow.pl\/ucop\/wp-json\/wp\/v2\/media?parent=493"}],"wp:term":[{"taxonomy":"category","embeddable":true,"href":"https:\/\/uniejow.pl\/ucop\/wp-json\/wp\/v2\/categories?post=493"},{"taxonomy":"post_tag","embeddable":true,"href":"https:\/\/uniejow.pl\/ucop\/wp-json\/wp\/v2\/tags?post=493"}],"curies":[{"name":"wp","href":"https:\/\/api.w.org\/{rel}","templated":true}]}}