{"id":735,"date":"2025-02-03T13:58:15","date_gmt":"2025-02-03T12:58:15","guid":{"rendered":"https:\/\/uniejow.pl\/ucop\/?p=735"},"modified":"2025-02-03T14:00:42","modified_gmt":"2025-02-03T13:00:42","slug":"konkurs-teraz-polska","status":"publish","type":"post","link":"https:\/\/uniejow.pl\/ucop\/aktualnosci\/konkurs-teraz-polska\/","title":{"rendered":"Konkurs Teraz Polska"},"content":{"rendered":"\n<p> Fundacja Polskiego God\u0142a Promocyjnego og\u0142osi\u0142a 35. edycj\u0119 Konkursu \u201eTeraz Polska\u201d, kt\u00f3ry ma na celu wyr\u00f3\u017cnienie najlepszych polskich produkt\u00f3w, us\u0142ug oraz przedsi\u0119wzi\u0119\u0107 innowacyjnych. Pocz\u0105tkowy termin nadsy\u0142ania zg\u0142osze\u0144 up\u0142ywa\u0142 31 stycznia 2025 roku, jednak zosta\u0142 przed\u0142u\u017cony do 14 lutego 2025 roku, daj\u0105c przedsi\u0119biorcom dodatkowy czas na udzia\u0142 w konkursie.<\/p>\n\n\n\n<p>Konkurs \u201eTeraz Polska\u201d od blisko 35 lat cieszy si\u0119 du\u017cym zainteresowaniem firm, kt\u00f3re szukaj\u0105 sposobu na potwierdzenie wysokiej jako\u015bci oferowanych przez siebie produkt\u00f3w i us\u0142ug. Udzia\u0142 w Konkursie mog\u0105 wzi\u0105\u0107 firmy dzia\u0142aj\u0105ce na rynku od co najmniej roku \u2013 niezale\u017cnie od wielko\u015bci. Zar\u00f3wno ma\u0142e, rodzinne przedsi\u0119biorstwa, jak i du\u017ce firmy eksportuj\u0105ce na rynki mi\u0119dzynarodowe maj\u0105 r\u00f3wne szanse. Kluczowym kryterium przyznania nagrody jest bowiem jako\u015b\u0107.<\/p>\n\n\n\n<p>Laureaci Konkursu otrzymaj\u0105 prawo do pos\u0142ugiwania si\u0119 God\u0142em \u201eTeraz Polska\u201d \u2013 znakiem, kt\u00f3ry jest postrzegany jako symbol najwy\u017cszej jako\u015bci. B\u0119d\u0105 mogli r\u00f3wnie\u017c wykorzystywa\u0107 znak \u201eTeraz Polska\u201d w kampaniach reklamowych oraz dzia\u0142aniach promocyjnych firmy, a tak\u017ce bra\u0107 udzia\u0142 w akcjach promocyjnych organizowanych przez Fundacj\u0119.<\/p>\n\n\n\n<p>Oficjalne og\u0142oszenie wynik\u00f3w i wr\u0119czenie statuetek God\u0142a \u201eTeraz Polska\u201d odb\u0119dzie si\u0119 2 czerwca 2025 roku podczas uroczystej Gali w Filharmonii Narodowej.<\/p>\n\n\n\n<p>Zainteresowane firmy mog\u0105 zg\u0142asza\u0107 swoje produkty, us\u0142ugi lub innowacje poprzez wype\u0142nienie ankiety rejestracyjnej dost\u0119pnej na oficjalnej stronie <a href=\"https:\/\/konkursterazpolska.pl\/\">Konkursu \u201eTeraz Polska\u201d.<\/a><\/p>\n\n\n\n<p><\/p>\n\n\n\n<p>AS<\/p>\n","protected":false},"excerpt":{"rendered":"<p>Fundacja Polskiego God\u0142a Promocyjnego og\u0142osi\u0142a 35. edycj\u0119 Konkursu \u201eTeraz Polska\u201d, kt\u00f3ry ma na celu wyr\u00f3\u017cnienie najlepszych polskich produkt\u00f3w, us\u0142ug oraz [&#8230;]<\/p>\n<p><a class=\"btn btn-secondary understrap-read-more-link\" href=\"https:\/\/uniejow.pl\/ucop\/aktualnosci\/konkurs-teraz-polska\/\">Czytaj dalej\u2026<span class=\"screen-reader-text\"> from Konkurs Teraz Polska<\/span><\/a><\/p>\n","protected":false},"author":2,"featured_media":736,"comment_status":"closed","ping_status":"closed","sticky":false,"template":"","format":"standard","meta":{"_acf_changed":false,"footnotes":""},"categories":[4],"tags":[],"class_list":["post-735","post","type-post","status-publish","format-standard","has-post-thumbnail","hentry","category-aktualnosci"],"acf":[],"_links":{"self":[{"href":"https:\/\/uniejow.pl\/ucop\/wp-json\/wp\/v2\/posts\/735","targetHints":{"allow":["GET"]}}],"collection":[{"href":"https:\/\/uniejow.pl\/ucop\/wp-json\/wp\/v2\/posts"}],"about":[{"href":"https:\/\/uniejow.pl\/ucop\/wp-json\/wp\/v2\/types\/post"}],"author":[{"embeddable":true,"href":"https:\/\/uniejow.pl\/ucop\/wp-json\/wp\/v2\/users\/2"}],"replies":[{"embeddable":true,"href":"https:\/\/uniejow.pl\/ucop\/wp-json\/wp\/v2\/comments?post=735"}],"version-history":[{"count":2,"href":"https:\/\/uniejow.pl\/ucop\/wp-json\/wp\/v2\/posts\/735\/revisions"}],"predecessor-version":[{"id":738,"href":"https:\/\/uniejow.pl\/ucop\/wp-json\/wp\/v2\/posts\/735\/revisions\/738"}],"wp:featuredmedia":[{"embeddable":true,"href":"https:\/\/uniejow.pl\/ucop\/wp-json\/wp\/v2\/media\/736"}],"wp:attachment":[{"href":"https:\/\/uniejow.pl\/ucop\/wp-json\/wp\/v2\/media?parent=735"}],"wp:term":[{"taxonomy":"category","embeddable":true,"href":"https:\/\/uniejow.pl\/ucop\/wp-json\/wp\/v2\/categories?post=735"},{"taxonomy":"post_tag","embeddable":true,"href":"https:\/\/uniejow.pl\/ucop\/wp-json\/wp\/v2\/tags?post=735"}],"curies":[{"name":"wp","href":"https:\/\/api.w.org\/{rel}","templated":true}]}}