{"id":739,"date":"2025-02-03T14:34:19","date_gmt":"2025-02-03T13:34:19","guid":{"rendered":"https:\/\/uniejow.pl\/ucop\/?p=739"},"modified":"2025-02-03T14:36:31","modified_gmt":"2025-02-03T13:36:31","slug":"rekrutacja-na-misje-gospodarcza","status":"publish","type":"post","link":"https:\/\/uniejow.pl\/ucop\/aktualnosci\/rekrutacja-na-misje-gospodarcza\/","title":{"rendered":"Rekrutacja na misj\u0119 gospodarcz\u0105"},"content":{"rendered":"\n<p><strong>Rekrutacja na misj\u0119 gospodarcz\u0105 Wojew\u00f3dztwa \u0141\u00f3dzkiego na Wystaw\u0119 \u015awiatow\u0105 EXPO 2025 Osaka<br><\/strong><strong><br>Spotkania B2B, seminaria biznesowe i wizyty studyjne to tylko cz\u0119\u015b\u0107 mo\u017cliwo\u015bci, kt\u00f3re czekaj\u0105 na uczestnik\u00f3w misji.&nbsp;<\/strong><strong>Wojew\u00f3dztwo \u0141\u00f3dzkie serdecznie zaprasza przedsi\u0119biorc\u00f3w z regionu do udzia\u0142u w misji gospodarczej na Wystaw\u0119 \u015awiatow\u0105 EXPO 2025 Osaka, Kansai (Japonia), kt\u00f3ra odb\u0119dzie si\u0119 w dniach 27 kwietnia \u2013 3 maja 2025 roku.<\/strong><\/p>\n\n\n\n<p>Misja gospodarcza na EXPO 2025 Osaka to niepowtarzalna okazja do zaprezentowania potencja\u0142u swojej firmy na arenie mi\u0119dzynarodowej.<\/p>\n\n\n\n<p><strong>Dlaczego warto?<\/strong><\/p>\n\n\n\n<ul class=\"wp-block-list\">\n<li>Zdob\u0119dziesz do\u015bwiadczenie w relacjach z japo\u0144skimi partnerami i nawi\u0105\u017cesz cenne kontakty biznesowe<\/li>\n\n\n\n<li>Poznasz jeden z najbardziej wymagaj\u0105cych i innowacyjnych rynk\u00f3w na \u015bwiecie<\/li>\n\n\n\n<li>We\u017amiesz udzia\u0142 w Wystawie \u015awiatowej EXPO 2025 Osaka \u2013 najwi\u0119kszym i najbardziej presti\u017cowym wydarzeniu globalnym, integruj\u0105cym aspekty gospodarcze, promocyjne i kulturalne<\/li>\n<\/ul>\n\n\n\n<p><strong>Kto mo\u017ce wzi\u0105\u0107 udzia\u0142?<\/strong><\/p>\n\n\n\n<p>Do udzia\u0142u zapraszane s\u0105 mikro, ma\u0142e i \u015brednie przedsi\u0119biorstwa (M\u015aP) z wojew\u00f3dztwa \u0142\u00f3dzkiego dzia\u0142aj\u0105ce w nast\u0119puj\u0105cych bran\u017cach:<\/p>\n\n\n\n<ul class=\"wp-block-list\">\n<li><strong>Innowacyjne rolnictwo i przetw\u00f3rstwo rolno-spo\u017cywcze<\/strong><\/li>\n\n\n\n<li><strong>Nowoczesne w\u0142\u00f3kiennictwo i przemys\u0142 mody (w tym wzornictwo)<\/strong><\/li>\n<\/ul>\n\n\n\n<p>\u0141\u0105cznie w misji we\u017amie udzia\u0142 6 firm \u2013 po 3 z ka\u017cdej z wymienionych bran\u017c.<\/p>\n\n\n\n<p><strong>Warunki uczestnictwa<\/strong><\/p>\n\n\n\n<p><strong>1. Wymagania podstawowe:<\/strong><\/p>\n\n\n\n<ul class=\"wp-block-list\">\n<li>firma zarejestrowana na terenie wojew\u00f3dztwa \u0142\u00f3dzkiego<\/li>\n\n\n\n<li>przynale\u017cno\u015b\u0107 do sektora M\u015aP<\/li>\n\n\n\n<li>nieprzekroczenie progu pomocy de minimis<\/li>\n<\/ul>\n\n\n\n<p><strong>2. Wymagania bran\u017cowe:<\/strong><\/p>\n\n\n\n<ul class=\"wp-block-list\">\n<li><strong>firmy z bran\u017cy w\u0142\u00f3kienniczej<\/strong>: zaprezentowanie kolekcji podczas organizowanego w ramach misji pokazu mody<\/li>\n\n\n\n<li><strong>firmy z bran\u017cy spo\u017cywczej:<\/strong>&nbsp;przygotowanie pojedynczo zapakowanych pr\u00f3bek produkt\u00f3w na potrzeby wydarze\u0144 w ramach misji<\/li>\n<\/ul>\n\n\n\n<p><strong>Rekrutacja<\/strong><\/p>\n\n\n\n<p>Rejestracja jest otwarta do&nbsp;<strong>4 lutego 2025 r., do godz. 12:00.<br><\/strong>Zainteresowani przedsi\u0119biorcy proszeni s\u0105 o wype\u0142nienie formularza zg\u0142oszeniowego i przes\u0142anie go na adres e-mail:&nbsp;<a href=\"mailto:projekty.miedzynarodowe@lodzkie.pl\">projekty.miedzynarodowe@lodzkie.pl<\/a><\/p>\n\n\n\n<p><\/p>\n\n\n\n<p>\u0179r\u00f3d\u0142o: <a href=\"https:\/\/biznes.lodzkie.pl\/rekrutacja-expo-osaka\/\">https:\/\/biznes.lodzkie.pl\/rekrutacja-expo-osaka\/<\/a> <\/p>\n\n\n\n<p><\/p>\n\n\n\n<p>AS<\/p>\n\n\n\n<p><\/p>\n","protected":false},"excerpt":{"rendered":"<p>Rekrutacja na misj\u0119 gospodarcz\u0105 Wojew\u00f3dztwa \u0141\u00f3dzkiego na Wystaw\u0119 \u015awiatow\u0105 EXPO 2025 OsakaSpotkania B2B, seminaria biznesowe i wizyty studyjne to tylko [&#8230;]<\/p>\n<p><a class=\"btn btn-secondary understrap-read-more-link\" href=\"https:\/\/uniejow.pl\/ucop\/aktualnosci\/rekrutacja-na-misje-gospodarcza\/\">Czytaj dalej\u2026<span class=\"screen-reader-text\"> from Rekrutacja na misj\u0119 gospodarcz\u0105<\/span><\/a><\/p>\n","protected":false},"author":2,"featured_media":740,"comment_status":"closed","ping_status":"closed","sticky":false,"template":"","format":"standard","meta":{"_acf_changed":false,"footnotes":""},"categories":[4],"tags":[],"class_list":["post-739","post","type-post","status-publish","format-standard","has-post-thumbnail","hentry","category-aktualnosci"],"acf":[],"_links":{"self":[{"href":"https:\/\/uniejow.pl\/ucop\/wp-json\/wp\/v2\/posts\/739","targetHints":{"allow":["GET"]}}],"collection":[{"href":"https:\/\/uniejow.pl\/ucop\/wp-json\/wp\/v2\/posts"}],"about":[{"href":"https:\/\/uniejow.pl\/ucop\/wp-json\/wp\/v2\/types\/post"}],"author":[{"embeddable":true,"href":"https:\/\/uniejow.pl\/ucop\/wp-json\/wp\/v2\/users\/2"}],"replies":[{"embeddable":true,"href":"https:\/\/uniejow.pl\/ucop\/wp-json\/wp\/v2\/comments?post=739"}],"version-history":[{"count":3,"href":"https:\/\/uniejow.pl\/ucop\/wp-json\/wp\/v2\/posts\/739\/revisions"}],"predecessor-version":[{"id":744,"href":"https:\/\/uniejow.pl\/ucop\/wp-json\/wp\/v2\/posts\/739\/revisions\/744"}],"wp:featuredmedia":[{"embeddable":true,"href":"https:\/\/uniejow.pl\/ucop\/wp-json\/wp\/v2\/media\/740"}],"wp:attachment":[{"href":"https:\/\/uniejow.pl\/ucop\/wp-json\/wp\/v2\/media?parent=739"}],"wp:term":[{"taxonomy":"category","embeddable":true,"href":"https:\/\/uniejow.pl\/ucop\/wp-json\/wp\/v2\/categories?post=739"},{"taxonomy":"post_tag","embeddable":true,"href":"https:\/\/uniejow.pl\/ucop\/wp-json\/wp\/v2\/tags?post=739"}],"curies":[{"name":"wp","href":"https:\/\/api.w.org\/{rel}","templated":true}]}}